{"id":30808,"date":"2026-08-28T08:00:00","date_gmt":"2026-08-28T06:00:00","guid":{"rendered":"https:\/\/elcontrapunt.cat\/?p=30808"},"modified":"2026-08-24T10:46:21","modified_gmt":"2026-08-24T08:46:21","slug":"el-baix-llobregat-lidera-la-prueba-piloto-del-nuevo-modelo-de-atencion-sanitaria-de-catalunya","status":"publish","type":"post","link":"https:\/\/elcontrapunt.cat\/es\/el-baix-llobregat-lidera-la-prueba-piloto-del-nuevo-modelo-de-atencion-sanitaria-de-catalunya\/","title":{"rendered":"El Baix Llobregat lidera la prueba piloto del nuevo modelo de atenci\u00f3n sanitaria de Catalunya"},"content":{"rendered":"\n<p class=\"has-medium-font-size wp-block-paragraph\"><strong>El objetivo es ofrecer una asistencia m\u00e1s integrada, reducir esperas y potenciar la atenci\u00f3n domiciliaria<\/strong><\/p>\n\n<p class=\"wp-block-paragraph\">El Baix Llobregat ser\u00e1 uno de los territorios l\u00edderes en la transformaci\u00f3n del sistema sanitario catal\u00e1n. El Departamento de Salud ha seleccionado el \u00c1rea Integrada de Salud (AIS) Baix Llobregat Nord-Sant Boi para desarrollar una prueba piloto que pondr\u00e1 en marcha un nuevo modelo de organizaci\u00f3n asistencial basado en la coordinaci\u00f3n entre hospitales, centros de atenci\u00f3n primaria, servicios de salud mental, atenci\u00f3n intermedia, servicios sociales y administraciones locales. <\/p>\n\n<p class=\"wp-block-paragraph\">La iniciativa forma parte del despliegue de las nuevas \u00e1reas integradas de salud impulsadas por el Gobierno con el objetivo de adaptar el sistema a los principales retos demogr\u00e1ficos y sanitarios, como el envejecimiento de la poblaci\u00f3n, el aumento de las enfermedades cr\u00f3nicas y las desigualdades sociales. El proyecto empezar\u00e1 a desplegarse durante los pr\u00f3ximos meses y est\u00e1 previsto que entre en funcionamiento a partir de enero del 2027. <\/p>\n\n<p class=\"wp-block-paragraph\">El AIS Baix Llobregat Nord-Sant Boi da cobertura a unas 340.000 personas de las \u00e1reas de influencia de los hospitales Sant Joan de D\u00e9u de Martorell y Sant Joan de D\u00e9u Sant Boi. La candidatura presentada ha sido una de las nueve seleccionadas en toda Catalu\u00f1a para desarrollar \u00edntegramente el nuevo modelo asistencial. <\/p>\n\n<p class=\"wp-block-paragraph\">La gerente de la Regi\u00f3n Sanitaria Barcelona Metropolitana Sur, Anna Garc\u00eda-Alt\u00e9s, ha destacado que el proyecto sit\u00faa a las personas en el centro del sistema y permite avanzar hacia una atenci\u00f3n \u00abm\u00e1s \u00e1gil, cercana y con un mejor acompa\u00f1amiento a lo largo de toda la vida\u00bb. Seg\u00fan explic\u00f3, el principal valor de la iniciativa es reforzar el trabajo en red entre los servicios sanitarios, los servicios sociales y los ayuntamientos para dar una respuesta m\u00e1s coordinada a las necesidades de la ciudadan\u00eda. <\/p>\n\n<p class=\"wp-block-paragraph\">La propuesta se basa en cuatro grandes ejes. El primero es el impulso de la salud comunitaria, con la creaci\u00f3n de un corredor territorial que conectar\u00e1 municipios y recursos para desarrollar actuaciones conjuntas de promoci\u00f3n y prevenci\u00f3n de la salud. <\/p>\n\n<p class=\"wp-block-paragraph\">El segundo \u00e1mbito se centra en la atenci\u00f3n domiciliaria integrada. El objetivo es reforzar la asistencia a personas con enfermedades cr\u00f3nicas, fragilidad, dependencia o enfermedad avanzada, coordinando la actuaci\u00f3n de los equipos de atenci\u00f3n primaria, hospitales, atenci\u00f3n intermedia y servicios sociales para que puedan recibir mayor atenci\u00f3n en su domicilio. <\/p>\n\n<p class=\"wp-block-paragraph\">El proyecto tambi\u00e9n apuesta por mejorar el seguimiento de los pacientes entre los diferentes niveles asistenciales. La coordinaci\u00f3n entre los equipos de ambos hospitales de referencia, la atenci\u00f3n primaria y los servicios de atenci\u00f3n intermedia permitir\u00e1 garantizar una mayor continuidad asistencial y evitar la fragmentaci\u00f3n de los tratamientos. <\/p>\n\n<p class=\"wp-block-paragraph\">Por \u00faltimo, la integraci\u00f3n operativa entre los hospitales de Martorell y Sant Boi buscar\u00e1 reducir las listas de espera, ampliar el acceso a determinadas especialidades y mejorar la resoluci\u00f3n de los casos sin necesidad de derivaciones fuera del territorio.<\/p>\n\n<p class=\"wp-block-paragraph\">Para la ciudadan\u00eda este nuevo modelo se traducir\u00e1 en cambios concretos. Salut prev\u00e9 incrementar las visitas a domicilio, reducir los desplazamientos innecesarios, evitar la duplicaci\u00f3n de pruebas diagn\u00f3sticas gracias al intercambio de informaci\u00f3n entre profesionales y ofrecer un mejor seguimiento de las personas con patolog\u00edas complejas mediante planes terap\u00e9uticos compartidos y profesionales de referencia. <\/p>\n","protected":false},"excerpt":{"rendered":"<p>El objetivo es ofrecer una asistencia m\u00e1s integrada, reducir esperas y potenciar la atenci\u00f3n domiciliaria El Baix Llobregat ser\u00e1 uno de los territorios l\u00edderes en la transformaci\u00f3n del sistema sanitario catal\u00e1n. El Departamento de Salud ha seleccionado el \u00c1rea Integrada de Salud (AIS) Baix Llobregat Nord-Sant Boi para desarrollar una prueba piloto que pondr\u00e1 en [&hellip;]<\/p>\n","protected":false},"author":12,"featured_media":30807,"comment_status":"open","ping_status":"closed","sticky":false,"template":"","format":"standard","meta":{"jnews-multi-image_gallery":[],"jnews_single_post":[],"jnews_primary_category":[],"jnews_social_meta":[],"jnews_override_counter":[],"jnews_post_split":[],"footnotes":""},"categories":[49,74,70,446,83,1,60],"tags":[321,667,532,335,402],"coauthors":[395],"class_list":["post-30808","post","type-post","status-publish","format-standard","has-post-thumbnail","hentry","category-actualidad","category-area-metropolitana","category-local","category-portada","category-salud-y-bienestar","category-sin-categorizar","category-sociedad","tag-baix-llobregat","tag-catalunya","tag-martorell","tag-salud","tag-sant-boi"],"_links":{"self":[{"href":"https:\/\/elcontrapunt.cat\/es\/wp-json\/wp\/v2\/posts\/30808","targetHints":{"allow":["GET"]}}],"collection":[{"href":"https:\/\/elcontrapunt.cat\/es\/wp-json\/wp\/v2\/posts"}],"about":[{"href":"https:\/\/elcontrapunt.cat\/es\/wp-json\/wp\/v2\/types\/post"}],"author":[{"embeddable":true,"href":"https:\/\/elcontrapunt.cat\/es\/wp-json\/wp\/v2\/users\/12"}],"replies":[{"embeddable":true,"href":"https:\/\/elcontrapunt.cat\/es\/wp-json\/wp\/v2\/comments?post=30808"}],"version-history":[{"count":1,"href":"https:\/\/elcontrapunt.cat\/es\/wp-json\/wp\/v2\/posts\/30808\/revisions"}],"predecessor-version":[{"id":30809,"href":"https:\/\/elcontrapunt.cat\/es\/wp-json\/wp\/v2\/posts\/30808\/revisions\/30809"}],"wp:featuredmedia":[{"embeddable":true,"href":"https:\/\/elcontrapunt.cat\/es\/wp-json\/wp\/v2\/media\/30807"}],"wp:attachment":[{"href":"https:\/\/elcontrapunt.cat\/es\/wp-json\/wp\/v2\/media?parent=30808"}],"wp:term":[{"taxonomy":"category","embeddable":true,"href":"https:\/\/elcontrapunt.cat\/es\/wp-json\/wp\/v2\/categories?post=30808"},{"taxonomy":"post_tag","embeddable":true,"href":"https:\/\/elcontrapunt.cat\/es\/wp-json\/wp\/v2\/tags?post=30808"},{"taxonomy":"author","embeddable":true,"href":"https:\/\/elcontrapunt.cat\/es\/wp-json\/wp\/v2\/coauthors?post=30808"}],"curies":[{"name":"wp","href":"https:\/\/api.w.org\/{rel}","templated":true}]}}