{"id":30866,"date":"2026-08-30T08:00:00","date_gmt":"2026-08-30T06:00:00","guid":{"rendered":"https:\/\/elcontrapunt.cat\/?p=30866"},"modified":"2026-07-31T11:38:24","modified_gmt":"2026-07-31T09:38:24","slug":"sant-boi-y-el-parque-sanitario-sant-joan-de-deu-se-unen-para-conmemorar-el-ano-gaudi","status":"publish","type":"post","link":"https:\/\/elcontrapunt.cat\/es\/sant-boi-y-el-parque-sanitario-sant-joan-de-deu-se-unen-para-conmemorar-el-ano-gaudi\/","title":{"rendered":"Sant Boi y el Parque Sanitario Sant Joan de D\u00e9u se unen para conmemorar el A\u00f1o Gaud\u00ed"},"content":{"rendered":"\n<p class=\"has-medium-font-size wp-block-paragraph\"><strong>El recinto hospitalario recupera los bancos modernistas donde el arquitecto ensay\u00f3 t\u00e9cnicas que despu\u00e9s aplic\u00f3 en el Park G\u00fcell<\/strong><\/p>\n\n<p class=\"wp-block-paragraph\">El arquitecto Antoni Gaud\u00ed ensay\u00f3 las grandes obras que posteriormente construir\u00eda en el Passeig de Gr\u00e0cia de Barcelona, \u200b\u200bla Sagrada Familia y el Park G\u00fcell, con los internos del antiguo asilo de Sant Boi, ahora llamado Parque de la Salud Sant Joan de D\u00e9u. Los internos sirvieron de peones para dar forma a la obra m\u00e1s desconocida, enigm\u00e1tica y silenciada del brillante artista. <\/p>\n\n<p class=\"wp-block-paragraph\">Coincidiendo con la conmemoraci\u00f3n del centenario de la muerte de Gaud\u00ed, el Ayuntamiento de Sant Boi y el Parque Sanitario Sant Joan de D\u00e9u impulsan una programaci\u00f3n conjunta de actividades culturales, educativas y divulgativas para poner en valor la huella del modernismo y la relaci\u00f3n de Gaud\u00ed con la ciudad. La agenda contempla rutas, talleres, exposiciones, actividades escolares, propuestas familiares y acciones participativas, con el fin de difundir la figura del arquitecto desde una perspectiva contempor\u00e1nea y recuperar espacios singulares del municipio vinculados al modernismo. <\/p>\n\n<p class=\"wp-block-paragraph\">El conjunto arquitect\u00f3nico modernista situado en el recinto del Parc Sanitari y conocido como el Jard\u00edn Invisible es uno de los puntos m\u00e1s visitado. Uno de los aspectos m\u00e1s destacados de este lugar son los bancos modernistas, recientemente restaurados, elementos revestidos con trencad\u00eds de colores vivos y decoraci\u00f3n diversa. <\/p>\n\n<p class=\"wp-block-paragraph\">La recuperaci\u00f3n de estos elementos la ha dirigido el arquitecto David Agull\u00f3, que precisamente es el autor de la tesis que atribuye a Antoni Gaud\u00ed el conjunto arquitect\u00f3nico modernista del Jard\u00edn Invisible, construido entre 1906 y 1912. Agull\u00f3 mantiene que el Jard\u00edn Invisible fue el banco de pruebas de algunos de los proyectos m\u00e1s cripta de la Colonia G\u00fcell. <\/p>\n\n<p class=\"wp-block-paragraph\">En este escenario, Gaud\u00ed, con la colaboraci\u00f3n de Josep Maria Jujol, cre\u00f3 tres conjuntos arquitect\u00f3nicos: la cueva cascada (1906), una construcci\u00f3n de rocalla con forma de cueva y monta\u00f1a coronada por un baldaquino; la Capilla de la Virgen (1911), una gruta tambi\u00e9n de rocalla en forma de drag\u00f3n que conten\u00eda la figura de una singular Virgen de Lourdes con una corona de 12 estrellas del Apocalipsis (como la que corona la Torre de la Virgen en la Sagrada Familia), y una plaza con bancos revestidos de mosaico (1912). La capilla, de la que brotaba agua, estaba en medio de un lago y de la cueva sal\u00eda una gran cascada. <\/p>\n\n<p class=\"wp-block-paragraph\">Las obras y fechas en que se hicieron est\u00e1n perfectamente documentadas y acotadas cronol\u00f3gicamente en la Revista Frenop\u00e1tica Espa\u00f1ola, que era la publicaci\u00f3n interna del psiqui\u00e1trico, donde se informaba de las actividades del centro y se publicaban estudios y noticias relacionadas con la enfermedad mental, pero en ning\u00fan caso se hac\u00eda referencia a su autor a pesar de que en aquella \u00e9poca ya era una celebridad. Esto se atribuye al estigma que ya entonces persegu\u00eda a los enfermos mentales ya la dificultad que supon\u00eda reconocer que Gaud\u00ed ensayaba con ellos obras que posteriormente se llevar\u00edan a cabo en la zona burguesa de la capital. <\/p>\n\n<h2 class=\"wp-block-heading\"><strong>Un programa que quiere acabar con el estigma<\/strong><\/h2>\n\n<p class=\"wp-block-paragraph\">La recuperaci\u00f3n del Jard\u00edn Invisible forma parte de la estrategia del Parque Sanitario San Juan de Dios de Sant Boi para visibilizar la contribuci\u00f3n del arte y la cultura a la salud, y concordaba directamente con la labor que lleva a cabo Torrents d&#8217;Art, un programa inclusivo, comunitario y no estigmatizando donde las personas, tengan o no tengan un trastorno mental, participan conjuntamente.<\/p>\n\n<p class=\"wp-block-paragraph\">Dadas las caracter\u00edsticas de este conjunto modernista, una de las hip\u00f3tesis que se plantean es que en el proceso de construcci\u00f3n del Jard\u00edn Invisible las personas residentes en el antiguo psiqui\u00e1trico de Sant Boi, actualmente enmarcado dentro del recinto del Parque Sanitario Sant Joan de D\u00e9u, habr\u00edan participado en su construcci\u00f3n, siguiendo las directrices de un complejo proyecto ideado por Antoni Gaud\u00ed.<\/p>\n\n<p class=\"wp-block-paragraph\">Esto se debe a que el antiguo psiqui\u00e1trico de Sant Boi fue una de las primeras instituciones que estudiaron la ergoterapia, una corriente procedente de Europa, que consist\u00eda en utilizar el trabajo como herramienta terap\u00e9utica para tratar a las personas con problemas de salud mental. Se dispon\u00eda de talleres donde los pacientes aprend\u00edan el alba\u00f1iler\u00eda y participaban as\u00ed en las diferentes obras que se realizaban en el centro. <\/p>\n\n<p class=\"wp-block-paragraph\">La recuperaci\u00f3n del Jard\u00edn Invisible conecta con el legado del Parque Sanitario San Juan de Dios y se marca como objetivo mejorar la calidad de vida de las personas con trastornos mentales a trav\u00e9s del trabajo de creaci\u00f3n en comunidad e inclusivo.<\/p>\n","protected":false},"excerpt":{"rendered":"<p>El recinto hospitalario recupera los bancos modernistas donde el arquitecto ensay\u00f3 t\u00e9cnicas que despu\u00e9s aplic\u00f3 en el Park G\u00fcell El arquitecto Antoni Gaud\u00ed ensay\u00f3 las grandes obras que posteriormente construir\u00eda en el Passeig de Gr\u00e0cia de Barcelona, \u200b\u200bla Sagrada Familia y el Park G\u00fcell, con los internos del antiguo asilo de Sant Boi, ahora llamado [&hellip;]<\/p>\n","protected":false},"author":12,"featured_media":30865,"comment_status":"open","ping_status":"closed","sticky":false,"template":"","format":"standard","meta":{"jnews-multi-image_gallery":[],"jnews_single_post":[],"jnews_primary_category":[],"jnews_social_meta":[],"jnews_override_counter":[],"jnews_post_split":[],"footnotes":""},"categories":[49,74,62,70,446,1,60],"tags":[1560,2877,2876,402],"coauthors":[395],"class_list":["post-30866","post","type-post","status-publish","format-standard","has-post-thumbnail","hentry","category-actualidad","category-area-metropolitana","category-cultura","category-local","category-portada","category-sin-categorizar","category-sociedad","tag-antoni-gaudi","tag-interno","tag-parc-sanitari-sant-joan-de-deu","tag-sant-boi"],"_links":{"self":[{"href":"https:\/\/elcontrapunt.cat\/es\/wp-json\/wp\/v2\/posts\/30866","targetHints":{"allow":["GET"]}}],"collection":[{"href":"https:\/\/elcontrapunt.cat\/es\/wp-json\/wp\/v2\/posts"}],"about":[{"href":"https:\/\/elcontrapunt.cat\/es\/wp-json\/wp\/v2\/types\/post"}],"author":[{"embeddable":true,"href":"https:\/\/elcontrapunt.cat\/es\/wp-json\/wp\/v2\/users\/12"}],"replies":[{"embeddable":true,"href":"https:\/\/elcontrapunt.cat\/es\/wp-json\/wp\/v2\/comments?post=30866"}],"version-history":[{"count":1,"href":"https:\/\/elcontrapunt.cat\/es\/wp-json\/wp\/v2\/posts\/30866\/revisions"}],"predecessor-version":[{"id":30867,"href":"https:\/\/elcontrapunt.cat\/es\/wp-json\/wp\/v2\/posts\/30866\/revisions\/30867"}],"wp:featuredmedia":[{"embeddable":true,"href":"https:\/\/elcontrapunt.cat\/es\/wp-json\/wp\/v2\/media\/30865"}],"wp:attachment":[{"href":"https:\/\/elcontrapunt.cat\/es\/wp-json\/wp\/v2\/media?parent=30866"}],"wp:term":[{"taxonomy":"category","embeddable":true,"href":"https:\/\/elcontrapunt.cat\/es\/wp-json\/wp\/v2\/categories?post=30866"},{"taxonomy":"post_tag","embeddable":true,"href":"https:\/\/elcontrapunt.cat\/es\/wp-json\/wp\/v2\/tags?post=30866"},{"taxonomy":"author","embeddable":true,"href":"https:\/\/elcontrapunt.cat\/es\/wp-json\/wp\/v2\/coauthors?post=30866"}],"curies":[{"name":"wp","href":"https:\/\/api.w.org\/{rel}","templated":true}]}}