{"id":30878,"date":"2026-08-27T08:00:00","date_gmt":"2026-08-27T06:00:00","guid":{"rendered":"https:\/\/elcontrapunt.cat\/?p=30878"},"modified":"2026-07-31T12:32:16","modified_gmt":"2026-07-31T10:32:16","slug":"un-nuevo-modelo-de-cirugia-permite-poner-protesis-de-cadera-y-rodilla-sin-ingreso-hospitalario","status":"publish","type":"post","link":"https:\/\/elcontrapunt.cat\/es\/un-nuevo-modelo-de-cirugia-permite-poner-protesis-de-cadera-y-rodilla-sin-ingreso-hospitalario\/","title":{"rendered":"Un nuevo modelo de cirug\u00eda permite poner pr\u00f3tesis de cadera y rodilla sin ingreso hospitalario"},"content":{"rendered":"\n<p class=\"has-medium-font-size wp-block-paragraph\"><strong>El programa del Hospital de Bellvitge es de cirug\u00eda mayor ambulatoria y mejora la recuperaci\u00f3n de los pacientes, refuerza la atenci\u00f3n centrada en la persona y contribuye a optimizar los recursos asistenciales<\/strong><\/p>\n\n<p class=\"wp-block-paragraph\">El Hospital Universitario de Bellvitge (HUB) ha iniciado la implantaci\u00f3n de un programa de cirug\u00eda mayor ambulatoria (CMA) para pacientes con pr\u00f3tesis totales de cadera y rodilla, un modelo asistencial innovador que permite realizar estas intervenciones sin necesidad de ingreso hospitalario. Los primeros resultados muestran una positiva evoluci\u00f3n cl\u00ednica, con una recuperaci\u00f3n funcional favorable y una elevada satisfacci\u00f3n por parte de los pacientes. <\/p>\n\n<p class=\"wp-block-paragraph\">La iniciativa se ha desarrollado con la participaci\u00f3n coordinada de los servicios de Cirug\u00eda Ortop\u00e9dica y Traumatolog\u00eda, Anestesiolog\u00eda, Enfermer\u00eda, Fisioterapia y Rehabilitaci\u00f3n, entre otros, y con el apoyo de la Direcci\u00f3n M\u00e9dica y la Direcci\u00f3n Enfermera. La implicaci\u00f3n conjunta de los distintos profesionales ha sido clave para desplegar un modelo que apuesta por una atenci\u00f3n m\u00e1s eficiente, segura y adaptada a las necesidades de cada persona. <\/p>\n\n<p class=\"wp-block-paragraph\">El centro ha realizado una decena de intervenciones de pr\u00f3tesis total de cadera y rodilla siguiendo este circuito asistencial, con una evoluci\u00f3n favorable tanto en t\u00e9rminos de seguridad cl\u00ednica como de recuperaci\u00f3n y experiencia del paciente.<\/p>\n\n<p class=\"wp-block-paragraph\">El programa CMA parte de una cuidadosa selecci\u00f3n de los pacientes y de una preparaci\u00f3n preoperatoria intensiva que incluye educaci\u00f3n sanitaria, optimizaci\u00f3n cl\u00ednica, sesiones de fisioterapia y terapia ocupacional. Este trabajo previo permite que las personas lleguen a la cirug\u00eda en mejores condiciones y favorecen una movilizaci\u00f3n precoz, un mejor control del dolor y una recuperaci\u00f3n m\u00e1s r\u00e1pida. <\/p>\n\n<h2 class=\"wp-block-heading\"><strong>Un modelo basado en la continuidad de los cuidados<\/strong><\/h2>\n\n<p class=\"wp-block-paragraph\">Uno de los elementos diferenciales del programa es la coordinaci\u00f3n entre los equipos implicados y el posterior seguimiento a la intervenci\u00f3n. Esta continuidad asistencial permite garantizar una atenci\u00f3n cercana despu\u00e9s del alta, identificar posibles complicaciones de forma precoz y reducir los riesgos asociados a la hospitalizaci\u00f3n. <\/p>\n\n<p class=\"wp-block-paragraph\">En el caso de las pr\u00f3tesis de rodilla, el programa incorpora un dispositivo de crioterapia y presoterapia que los pacientes utilizan en el domicilio despu\u00e9s del alta. El sistema combina fr\u00edo y compresi\u00f3n controlada para reducir la inflamaci\u00f3n, aliviar el dolor y favorecer una recuperaci\u00f3n funcional m\u00e1s efectiva en los primeros d\u00edas del postoperatorio. <\/p>\n\n<p class=\"wp-block-paragraph\">Este modelo de cirug\u00eda mayor ambulatoria representa un avance significativo con respecto al enfoque convencional para este tipo de intervenci\u00f3n, que a menudo requiere varios d\u00edas de hospitalizaci\u00f3n. Su implementaci\u00f3n exige una planificaci\u00f3n detallada, protocolos cl\u00ednicos bien definidos y una preparaci\u00f3n exhaustiva del paciente, pero permite avanzar hacia una atenci\u00f3n m\u00e1s personalizada y eficiente. <\/p>\n","protected":false},"excerpt":{"rendered":"<p>El programa del Hospital de Bellvitge es de cirug\u00eda mayor ambulatoria y mejora la recuperaci\u00f3n de los pacientes, refuerza la atenci\u00f3n centrada en la persona y contribuye a optimizar los recursos asistenciales El Hospital Universitario de Bellvitge (HUB) ha iniciado la implantaci\u00f3n de un programa de cirug\u00eda mayor ambulatoria (CMA) para pacientes con pr\u00f3tesis totales [&hellip;]<\/p>\n","protected":false},"author":12,"featured_media":30877,"comment_status":"open","ping_status":"closed","sticky":false,"template":"","format":"standard","meta":{"jnews-multi-image_gallery":[],"jnews_single_post":[],"jnews_primary_category":[],"jnews_social_meta":[],"jnews_override_counter":[],"jnews_post_split":[],"footnotes":""},"categories":[49,74,70,446,83,1,60],"tags":[459,2887,2886,458,2885],"coauthors":[395],"class_list":["post-30878","post","type-post","status-publish","format-standard","has-post-thumbnail","hentry","category-actualidad","category-area-metropolitana","category-local","category-portada","category-salud-y-bienestar","category-sin-categorizar","category-sociedad","tag-bellvitge","tag-cadera","tag-cirugia","tag-hospital","tag-rodilla"],"_links":{"self":[{"href":"https:\/\/elcontrapunt.cat\/es\/wp-json\/wp\/v2\/posts\/30878","targetHints":{"allow":["GET"]}}],"collection":[{"href":"https:\/\/elcontrapunt.cat\/es\/wp-json\/wp\/v2\/posts"}],"about":[{"href":"https:\/\/elcontrapunt.cat\/es\/wp-json\/wp\/v2\/types\/post"}],"author":[{"embeddable":true,"href":"https:\/\/elcontrapunt.cat\/es\/wp-json\/wp\/v2\/users\/12"}],"replies":[{"embeddable":true,"href":"https:\/\/elcontrapunt.cat\/es\/wp-json\/wp\/v2\/comments?post=30878"}],"version-history":[{"count":1,"href":"https:\/\/elcontrapunt.cat\/es\/wp-json\/wp\/v2\/posts\/30878\/revisions"}],"predecessor-version":[{"id":30879,"href":"https:\/\/elcontrapunt.cat\/es\/wp-json\/wp\/v2\/posts\/30878\/revisions\/30879"}],"wp:featuredmedia":[{"embeddable":true,"href":"https:\/\/elcontrapunt.cat\/es\/wp-json\/wp\/v2\/media\/30877"}],"wp:attachment":[{"href":"https:\/\/elcontrapunt.cat\/es\/wp-json\/wp\/v2\/media?parent=30878"}],"wp:term":[{"taxonomy":"category","embeddable":true,"href":"https:\/\/elcontrapunt.cat\/es\/wp-json\/wp\/v2\/categories?post=30878"},{"taxonomy":"post_tag","embeddable":true,"href":"https:\/\/elcontrapunt.cat\/es\/wp-json\/wp\/v2\/tags?post=30878"},{"taxonomy":"author","embeddable":true,"href":"https:\/\/elcontrapunt.cat\/es\/wp-json\/wp\/v2\/coauthors?post=30878"}],"curies":[{"name":"wp","href":"https:\/\/api.w.org\/{rel}","templated":true}]}}