{"id":30884,"date":"2026-09-05T14:00:00","date_gmt":"2026-09-05T12:00:00","guid":{"rendered":"https:\/\/elcontrapunt.cat\/?p=30884"},"modified":"2026-08-27T12:00:44","modified_gmt":"2026-08-27T10:00:44","slug":"los-pacientes-ingresados-en-el-hospital-de-martorell-pueden-recibir-la-visita-de-sus-mascotas","status":"publish","type":"post","link":"https:\/\/elcontrapunt.cat\/es\/los-pacientes-ingresados-en-el-hospital-de-martorell-pueden-recibir-la-visita-de-sus-mascotas\/","title":{"rendered":"Los pacientes ingresados \u200b\u200ben el Hospital de Martorell pueden recibir la visita de sus mascotas"},"content":{"rendered":"\n<p class=\"has-medium-font-size wp-block-paragraph\"><strong>&#8216;Huellas que acompa\u00f1an&#8217; ofrece apoyo emocional en situaciones especialmente complejas mediante visitas autorizadas bajo criterios cl\u00ednicos y con todas las garant\u00edas asistenciales<\/strong><\/p>\n\n<p class=\"wp-block-paragraph\">La Fundaci\u00f3n Hospital Sant Joan de D\u00e9u de Martorell (FHSJDM) ha puesto en marcha \u00abHuellas que acompa\u00f1an\u00bb, un nuevo programa de apoyo emocional que permite, en situaciones excepcionales y siempre bajo valoraci\u00f3n cl\u00ednica, que personas ingresadas se puedan reencontrar con su animal de compa\u00f1\u00eda. La iniciativa nace con el objetivo de contribuir al bienestar emocional de los pacientes en momentos especialmente delicados, tales como estancias hospitalarias prolongadas, procesos de fin de vida u otras circunstancias que el equipo asistencial considere adecuadas. <\/p>\n\n<p class=\"wp-block-paragraph\">El programa se enmarca en el modelo de atenci\u00f3n centrada en la persona que impulsa la Fundaci\u00f3n y parte de la evidencia cient\u00edfica que apunta a que el v\u00ednculo con los animales puede ayudar a reducir el estr\u00e9s y la angustia, aportar confort emocional y favorecer una vivencia m\u00e1s humana de la hospitalizaci\u00f3n.<\/p>\n\n<p class=\"wp-block-paragraph\">Para hacer posibles estas visitas, el centro ha desarrollado un protocolo espec\u00edfico que establece los criterios cl\u00ednicos, medidas higi\u00e9nicas y requisitos veterinarios necesarios para que los reencuentros se lleven a cabo con todas las garant\u00edas de seguridad tanto para los pacientes como para los profesionales y los propios animales.<\/p>\n\n<p class=\"wp-block-paragraph\">La subdirectora de Enfermer\u00eda de la FHSJDM y l\u00edder del proyecto, S\u00edlvia Sancliment, destaca que la iniciativa responde a una forma de entender los cuidados que va m\u00e1s all\u00e1 del tratamiento m\u00e9dico. \u00abHay iniciativas que van m\u00e1s all\u00e1 de la medicina y nos recuerdan qu\u00e9 significa realmente cuidar. Es el caso de \u00abHuellas que acompa\u00f1an\u00bb, un programa que hemos impulsado desde el hospital y del que nos sentimos profundamente orgullosos\u00bb, se\u00f1ala. <\/p>\n\n<p class=\"wp-block-paragraph\">Sancliment explica que el programa permite que algunos pacientes ingresados, cuando su situaci\u00f3n lo hace posible, puedan reencontrarse con su animal de compa\u00f1\u00eda. \u00abUn gesto sencillo pero cargado de emoci\u00f3n que puede aportar serenidad, esperanza y bienestar en momentos especialmente delicados\u00bb, afirma. Seg\u00fan a\u00f1ade, \u00abcuidar no s\u00f3lo es curar, tambi\u00e9n es escuchar, comprender y acompa\u00f1ar. Con \u00abHuellas que acompa\u00f1an\u00bb seguimos avanzando hacia una atenci\u00f3n m\u00e1s humana, m\u00e1s cercana y respetuosa con las necesidades emocionales de las personas y de sus familias\u00bb.  <\/p>\n\n<h2 class=\"wp-block-heading\"><strong>Una historia que dio origen al proyecto<\/strong><\/h2>\n\n<p class=\"wp-block-paragraph\">El origen del programa se encuentra en una vivencia real que marc\u00f3 profundamente a los profesionales del centro. Durante su ingreso hospitalario, la paciente Cristina Herrera Carn\u00e9 expres\u00f3 el deseo de poder despedirse de su perro. Gracias a la coordinaci\u00f3n entre el equipo asistencial, su familia y el asesoramiento del veterinario Vicen\u00e7 Gimeno, del Hospital Veterinario Martorell, se pudo organizar una visita que permiti\u00f3 el reencuentro.  <\/p>\n\n<p class=\"wp-block-paragraph\">La jefa de \u00c1rea de Hospitalizaci\u00f3n de la FHSJDM, Marta Melendo, que acompa\u00f1\u00f3 a la paciente durante ese momento, recuerda que fue una experiencia especialmente emotiva. Seg\u00fan explica, la paciente se mostr\u00f3 \u00abmuy emocionada y feliz al ver la reacci\u00f3n de su perro, que no se separ\u00f3 de ella en ning\u00fan momento\u00bb. Para el equipo asistencial, esa escena evidenci\u00f3 el impacto positivo que el reencuentro hab\u00eda tenido tanto en la paciente como en su familia. 24 horas despu\u00e9s de esa visita, la paciente muri\u00f3.   <\/p>\n\n<p class=\"wp-block-paragraph\">Aquella experiencia puso de manifiesto el valor terap\u00e9utico que puede tener el v\u00ednculo con los animales en determinadas situaciones e impuls\u00f3 la creaci\u00f3n de un programa estable para que otras personas ingresadas que se encuentren en similares circunstancias tambi\u00e9n puedan beneficiarse.<\/p>\n","protected":false},"excerpt":{"rendered":"<p>&#8216;Huellas que acompa\u00f1an&#8217; ofrece apoyo emocional en situaciones especialmente complejas mediante visitas autorizadas bajo criterios cl\u00ednicos y con todas las garant\u00edas asistenciales La Fundaci\u00f3n Hospital Sant Joan de D\u00e9u de Martorell (FHSJDM) ha puesto en marcha \u00abHuellas que acompa\u00f1an\u00bb, un nuevo programa de apoyo emocional que permite, en situaciones excepcionales y siempre bajo valoraci\u00f3n cl\u00ednica, [&hellip;]<\/p>\n","protected":false},"author":12,"featured_media":30883,"comment_status":"open","ping_status":"closed","sticky":false,"template":"","format":"standard","meta":{"jnews-multi-image_gallery":[],"jnews_single_post":{"format":"standard"},"jnews_primary_category":[],"jnews_social_meta":[],"jnews_override_counter":[],"jnews_post_split":[],"footnotes":""},"categories":[49,74,70,446,1,60],"tags":[2891,458,2890,532,2675],"coauthors":[395],"class_list":["post-30884","post","type-post","status-publish","format-standard","has-post-thumbnail","hentry","category-actualidad","category-area-metropolitana","category-local","category-portada","category-sin-categorizar","category-sociedad","tag-fundacio-hospital-sant-joan-de-deu-de-martorell","tag-hospital","tag-huellas-que-acompanan","tag-martorell","tag-pacientes"],"_links":{"self":[{"href":"https:\/\/elcontrapunt.cat\/es\/wp-json\/wp\/v2\/posts\/30884","targetHints":{"allow":["GET"]}}],"collection":[{"href":"https:\/\/elcontrapunt.cat\/es\/wp-json\/wp\/v2\/posts"}],"about":[{"href":"https:\/\/elcontrapunt.cat\/es\/wp-json\/wp\/v2\/types\/post"}],"author":[{"embeddable":true,"href":"https:\/\/elcontrapunt.cat\/es\/wp-json\/wp\/v2\/users\/12"}],"replies":[{"embeddable":true,"href":"https:\/\/elcontrapunt.cat\/es\/wp-json\/wp\/v2\/comments?post=30884"}],"version-history":[{"count":1,"href":"https:\/\/elcontrapunt.cat\/es\/wp-json\/wp\/v2\/posts\/30884\/revisions"}],"predecessor-version":[{"id":30885,"href":"https:\/\/elcontrapunt.cat\/es\/wp-json\/wp\/v2\/posts\/30884\/revisions\/30885"}],"wp:featuredmedia":[{"embeddable":true,"href":"https:\/\/elcontrapunt.cat\/es\/wp-json\/wp\/v2\/media\/30883"}],"wp:attachment":[{"href":"https:\/\/elcontrapunt.cat\/es\/wp-json\/wp\/v2\/media?parent=30884"}],"wp:term":[{"taxonomy":"category","embeddable":true,"href":"https:\/\/elcontrapunt.cat\/es\/wp-json\/wp\/v2\/categories?post=30884"},{"taxonomy":"post_tag","embeddable":true,"href":"https:\/\/elcontrapunt.cat\/es\/wp-json\/wp\/v2\/tags?post=30884"},{"taxonomy":"author","embeddable":true,"href":"https:\/\/elcontrapunt.cat\/es\/wp-json\/wp\/v2\/coauthors?post=30884"}],"curies":[{"name":"wp","href":"https:\/\/api.w.org\/{rel}","templated":true}]}}