{"id":31221,"date":"2026-08-28T18:00:00","date_gmt":"2026-08-28T16:00:00","guid":{"rendered":"https:\/\/elcontrapunt.cat\/?p=31221"},"modified":"2026-08-24T11:11:43","modified_gmt":"2026-08-24T09:11:43","slug":"la-linea-roja-del-metro-reanudara-su-actividad-tras-las-obras-de-mejora","status":"publish","type":"post","link":"https:\/\/elcontrapunt.cat\/es\/la-linea-roja-del-metro-reanudara-su-actividad-tras-las-obras-de-mejora\/","title":{"rendered":"La l\u00ednea roja del metro reanudar\u00e1 su actividad tras las obras de mejora"},"content":{"rendered":"\n<p class=\"has-medium-font-size wp-block-paragraph\"><strong>Los trabajos han contado con una inversi\u00f3n de 11,5 millones de euros para renovar v\u00edas y reformar el taller de Santa Eul\u00e0lia<\/strong><\/p>\n\n<p class=\"wp-block-paragraph\">Transports Metropolitans de Barcelona (TMB) reanudar\u00e1 ma\u00f1ana s\u00e1bado, 29 de agosto, el servicio de la l\u00ednea L1 de metro entre las estaciones de Florida y Plaza de Sants en ambas direcciones tras las obras de mejora realizadas en este tramo. El tr\u00e1fico ferroviario ha sido cortado entre ambas estaciones desde el pasado 17 de julio, con un transporte alternativo con autobuses para conectar ambos puntos. <\/p>\n\n<p class=\"wp-block-paragraph\">Las obras han contado con una inversi\u00f3n de 11,5 millones y, principalmente, han renovado las v\u00edas para instalar una base de hormig\u00f3n m\u00e1s estable y han modernizado las instalaciones del taller de Santa Eul\u00e0lia.<\/p>\n\n<p class=\"wp-block-paragraph\">Los trabajos han renovado varios tramos de carril, aparatos de v\u00eda, sistemas de drenaje, se\u00f1alizaci\u00f3n y otros elementos asociados a la infraestructura ferroviaria. En paralelo, se ha modernizado el taller de Santa Eulalia, una infraestructura clave para el mantenimiento de los trenes de metro. <\/p>\n\n<p class=\"wp-block-paragraph\">Con esta actuaci\u00f3n, TMB prev\u00e9 reducir el n\u00famero de incidencias, aumentar la fiabilidad del servicio e incrementar el confort de los usuarios. Tambi\u00e9n se han instalado sujeciones que evitan vibraciones. <\/p>\n\n<p class=\"wp-block-paragraph\">En cuanto a las v\u00edas, se han renovado cerca de 2,1 kil\u00f3metros, que corresponden a unos 510 metros en la zona de los talleres de Santa Eul\u00e0lia y unos 1.580 metros de la v\u00eda general de la L1 entre las estaciones de Santa Eul\u00e0lia y Mercat Nou en ambas direcciones.<\/p>\n\n<p class=\"wp-block-paragraph\">La presidenta de TMB y primera teniente de alcalde del Ayuntamiento de Barcelona, \u200b\u200bLaia Bonet, insiste en que el mantenimiento del metro es \u00abesencial\u00bb y ha recordado que la red ya supera los 100 a\u00f1os de historia y que, con esta edad, el mantenimiento se convierte en \u00abfundamental\u00bb.<\/p>\n","protected":false},"excerpt":{"rendered":"<p>Los trabajos han contado con una inversi\u00f3n de 11,5 millones de euros para renovar v\u00edas y reformar el taller de Santa Eul\u00e0lia Transports Metropolitans de Barcelona (TMB) reanudar\u00e1 ma\u00f1ana s\u00e1bado, 29 de agosto, el servicio de la l\u00ednea L1 de metro entre las estaciones de Florida y Plaza de Sants en ambas direcciones tras las [&hellip;]<\/p>\n","protected":false},"author":12,"featured_media":31220,"comment_status":"open","ping_status":"closed","sticky":false,"template":"","format":"standard","meta":{"jnews-multi-image_gallery":[],"jnews_single_post":[],"jnews_primary_category":[],"jnews_social_meta":[],"jnews_override_counter":[],"jnews_post_split":[],"footnotes":""},"categories":[49,74,71,70,446,1,60],"tags":[3067,390,1514,2428,389],"coauthors":[395],"class_list":["post-31221","post","type-post","status-publish","format-standard","has-post-thumbnail","hentry","category-actualidad","category-area-metropolitana","category-ciudad-de-barcelona","category-local","category-portada","category-sin-categorizar","category-sociedad","tag-florida","tag-metro","tag-obras","tag-placa-de-sants","tag-tmb"],"_links":{"self":[{"href":"https:\/\/elcontrapunt.cat\/es\/wp-json\/wp\/v2\/posts\/31221","targetHints":{"allow":["GET"]}}],"collection":[{"href":"https:\/\/elcontrapunt.cat\/es\/wp-json\/wp\/v2\/posts"}],"about":[{"href":"https:\/\/elcontrapunt.cat\/es\/wp-json\/wp\/v2\/types\/post"}],"author":[{"embeddable":true,"href":"https:\/\/elcontrapunt.cat\/es\/wp-json\/wp\/v2\/users\/12"}],"replies":[{"embeddable":true,"href":"https:\/\/elcontrapunt.cat\/es\/wp-json\/wp\/v2\/comments?post=31221"}],"version-history":[{"count":1,"href":"https:\/\/elcontrapunt.cat\/es\/wp-json\/wp\/v2\/posts\/31221\/revisions"}],"predecessor-version":[{"id":31222,"href":"https:\/\/elcontrapunt.cat\/es\/wp-json\/wp\/v2\/posts\/31221\/revisions\/31222"}],"wp:featuredmedia":[{"embeddable":true,"href":"https:\/\/elcontrapunt.cat\/es\/wp-json\/wp\/v2\/media\/31220"}],"wp:attachment":[{"href":"https:\/\/elcontrapunt.cat\/es\/wp-json\/wp\/v2\/media?parent=31221"}],"wp:term":[{"taxonomy":"category","embeddable":true,"href":"https:\/\/elcontrapunt.cat\/es\/wp-json\/wp\/v2\/categories?post=31221"},{"taxonomy":"post_tag","embeddable":true,"href":"https:\/\/elcontrapunt.cat\/es\/wp-json\/wp\/v2\/tags?post=31221"},{"taxonomy":"author","embeddable":true,"href":"https:\/\/elcontrapunt.cat\/es\/wp-json\/wp\/v2\/coauthors?post=31221"}],"curies":[{"name":"wp","href":"https:\/\/api.w.org\/{rel}","templated":true}]}}