{"id":31228,"date":"2026-08-29T18:00:00","date_gmt":"2026-08-29T16:00:00","guid":{"rendered":"https:\/\/elcontrapunt.cat\/?p=31228"},"modified":"2026-08-26T09:20:48","modified_gmt":"2026-08-26T07:20:48","slug":"el-govern-impulsa-186-proyectos-de-ia-salud-digital-y-emprendimiento-femenino-en-los-ultimos-dos-anos","status":"publish","type":"post","link":"https:\/\/elcontrapunt.cat\/es\/el-govern-impulsa-186-proyectos-de-ia-salud-digital-y-emprendimiento-femenino-en-los-ultimos-dos-anos\/","title":{"rendered":"El Govern impulsa 186 proyectos de IA, salud digital y emprendimiento femenino en los \u00faltimos dos a\u00f1os"},"content":{"rendered":"\n<p class=\"has-medium-font-size wp-block-paragraph\"><strong>Ha invertido 25 millones de los fondos europeos en proyectos en los que participan m\u00e1s de 240 empresas y entidades<\/strong><\/p>\n\n<p class=\"wp-block-paragraph\">El Govern ha impulsado 186 proyectos de inteligencia artificial (IA), salud digital y emprendimiento digital femenino en los \u00faltimos dos a\u00f1os. El Ejecutivo catal\u00e1n ha invertido 25 millones de euros de los fondos europeos en proyectos en los que han participado m\u00e1s de 240 empresas y entidades. <\/p>\n\n<p class=\"wp-block-paragraph\">La Secretar\u00eda de Pol\u00edticas Digitales resalt\u00f3 que se han destinado m\u00e1s de 16 millones para la creaci\u00f3n y validaci\u00f3n de soluciones con IA.<\/p>\n\n<h2 class=\"wp-block-heading\"><strong>Promoci\u00f3n del talento femenino y la igualdad de oportunidades<\/strong><\/h2>\n\n<p class=\"wp-block-paragraph\">El proyecto Tech FabLab ha permitido impulsar en Catalu\u00f1a una actuaci\u00f3n estrat\u00e9gica para reducir la brecha de g\u00e9nero en el sector digital y tecnol\u00f3gico, alineada con las prioridades estatales de transformaci\u00f3n digital, igualdad de oportunidades y refuerzo de la emprendedur\u00eda innovadora. La actuaci\u00f3n ha concedido 8,45 millones de eruros, que han financiado 98 proyectos con la participaci\u00f3n de 112 empresas y entidades. Catalu\u00f1a, como nodo estrat\u00e9gico de una iniciativa interauton\u00f3mica con la participaci\u00f3n de seis comunidades aut\u00f3nomas, ha desarrollado el proyecto TechFabLab a trav\u00e9s del Plan DonaTIC, consolidando un modelo integral que combina formaci\u00f3n, emprendedur\u00eda, acceso a la financiaci\u00f3n, visibilizaci\u00f3n y creaci\u00f3n de referentes femeninos en el \u00e1mbito tecnol\u00f3gico.  <\/p>\n\n<p class=\"wp-block-paragraph\">En el marco de este proyecto se han impartido 1.800 horas de formaci\u00f3n especializada, se han formado 650 mujeres en competencias digitales y emprendimiento tecnol\u00f3gico y se han destinado 5,5 millones a 46 empresas tecnol\u00f3gicas lideradas por mujeres.<\/p>\n\n<p class=\"wp-block-paragraph\">El proyecto ha generado nuevas oportunidades de acceso a inversi\u00f3n privada y visibilidad internacional a trav\u00e9s de iniciativas como el Foro Impuls DonaTIC y la participaci\u00f3n en el Talento Arena, South Summit, Mobile World Congress y otros eventos tecnol\u00f3gicos de referencia.<\/p>\n\n<p class=\"wp-block-paragraph\">Tech FabLab demuestra c\u00f3mo la colaboraci\u00f3n entre administraciones y el impulso de los fondos europeos pueden contribuir a incrementar la presencia de las mujeres en los sectores tecnol\u00f3gicos, reforzar el emprendimiento digital y generar nuevas oportunidades econ\u00f3micas y profesionales en todo el territorio. La actuaci\u00f3n consolida al Plan DonaTIC como una pol\u00edtica p\u00fablica de referencia para promover el talento femenino y la igualdad de oportunidades en el \u00e1mbito digital y tecnol\u00f3gico. <\/p>\n","protected":false},"excerpt":{"rendered":"<p>Ha invertido 25 millones de los fondos europeos en proyectos en los que participan m\u00e1s de 240 empresas y entidades El Govern ha impulsado 186 proyectos de inteligencia artificial (IA), salud digital y emprendimiento digital femenino en los \u00faltimos dos a\u00f1os. El Ejecutivo catal\u00e1n ha invertido 25 millones de euros de los fondos europeos en [&hellip;]<\/p>\n","protected":false},"author":12,"featured_media":31227,"comment_status":"open","ping_status":"closed","sticky":false,"template":"","format":"standard","meta":{"jnews-multi-image_gallery":[],"jnews_single_post":{"format":"standard"},"jnews_primary_category":[],"jnews_social_meta":[],"jnews_override_counter":[],"jnews_post_split":[],"footnotes":""},"categories":[49,51,446,1,60],"tags":[3073,3072,3074,541,1043,3075,3076],"coauthors":[395],"class_list":["post-31228","post","type-post","status-publish","format-standard","has-post-thumbnail","hentry","category-actualidad","category-economia","category-portada","category-sin-categorizar","category-sociedad","tag-femenina","tag-femenino","tag-fondos-europeos","tag-govern","tag-ia","tag-igualdad","tag-talento"],"_links":{"self":[{"href":"https:\/\/elcontrapunt.cat\/es\/wp-json\/wp\/v2\/posts\/31228","targetHints":{"allow":["GET"]}}],"collection":[{"href":"https:\/\/elcontrapunt.cat\/es\/wp-json\/wp\/v2\/posts"}],"about":[{"href":"https:\/\/elcontrapunt.cat\/es\/wp-json\/wp\/v2\/types\/post"}],"author":[{"embeddable":true,"href":"https:\/\/elcontrapunt.cat\/es\/wp-json\/wp\/v2\/users\/12"}],"replies":[{"embeddable":true,"href":"https:\/\/elcontrapunt.cat\/es\/wp-json\/wp\/v2\/comments?post=31228"}],"version-history":[{"count":1,"href":"https:\/\/elcontrapunt.cat\/es\/wp-json\/wp\/v2\/posts\/31228\/revisions"}],"predecessor-version":[{"id":31229,"href":"https:\/\/elcontrapunt.cat\/es\/wp-json\/wp\/v2\/posts\/31228\/revisions\/31229"}],"wp:featuredmedia":[{"embeddable":true,"href":"https:\/\/elcontrapunt.cat\/es\/wp-json\/wp\/v2\/media\/31227"}],"wp:attachment":[{"href":"https:\/\/elcontrapunt.cat\/es\/wp-json\/wp\/v2\/media?parent=31228"}],"wp:term":[{"taxonomy":"category","embeddable":true,"href":"https:\/\/elcontrapunt.cat\/es\/wp-json\/wp\/v2\/categories?post=31228"},{"taxonomy":"post_tag","embeddable":true,"href":"https:\/\/elcontrapunt.cat\/es\/wp-json\/wp\/v2\/tags?post=31228"},{"taxonomy":"author","embeddable":true,"href":"https:\/\/elcontrapunt.cat\/es\/wp-json\/wp\/v2\/coauthors?post=31228"}],"curies":[{"name":"wp","href":"https:\/\/api.w.org\/{rel}","templated":true}]}}