{"id":31307,"date":"2026-08-27T15:30:00","date_gmt":"2026-08-27T13:30:00","guid":{"rendered":"https:\/\/elcontrapunt.cat\/?p=31307"},"modified":"2026-08-26T16:27:29","modified_gmt":"2026-08-26T14:27:29","slug":"barcelona-y-la-generalitat-proyectan-cuatro-nuevas-residencias-publicas-con-cerca-de-500-plazas-para-mayores","status":"publish","type":"post","link":"https:\/\/elcontrapunt.cat\/es\/barcelona-y-la-generalitat-proyectan-cuatro-nuevas-residencias-publicas-con-cerca-de-500-plazas-para-mayores\/","title":{"rendered":"Barcelona y la Generalitat proyectan cuatro nuevas residencias p\u00fablicas con cerca de 500 plazas para mayores"},"content":{"rendered":"\n<p class=\"wp-block-paragraph\">Barcelona contar\u00e1 con <strong>cuatro nuevas residencias p\u00fablicas para personas mayores<\/strong> que sumar\u00e1n cerca de <strong>500 plazas<\/strong> a la red de atenci\u00f3n de la ciudad. El proyecto es fruto de un acuerdo entre la Generalitat y el Ayuntamiento y contempla la construcci\u00f3n de nuevos equipamientos en <strong>Sant Andreu, la Nova Esquerra de l&#8217;Eixample, Marina del Prat Vermell y el entorno de Gl\u00f2ries<\/strong>.<\/p>\n\n\n\n<p class=\"wp-block-paragraph\">La iniciativa pretende reforzar la oferta p\u00fablica de atenci\u00f3n residencial en un momento en que el envejecimiento de la poblaci\u00f3n est\u00e1 aumentando la demanda de servicios destinados a las personas mayores. La previsi\u00f3n de las administraciones es que los cuatro centros puedan estar terminados <strong>antes de finalizar el mandato municipal, en 2031<\/strong>.<\/p>\n\n\n\n<p class=\"wp-block-paragraph\">El acuerdo introduce adem\u00e1s un mecanismo destinado a acelerar la ejecuci\u00f3n. La Generalitat aportar\u00e1 los recursos necesarios, mientras que el Ayuntamiento, a trav\u00e9s de Barcelona d&#8217;Infraestructures Municipals (BIMSA), se encargar\u00e1 de impulsar las licitaciones y las obras. Una vez construidos, los equipamientos quedar\u00e1n integrados en la red gestionada por la Generalitat.<\/p>\n\n\n\n<p class=\"wp-block-paragraph\">El conseller de Drets Socials, Ra\u00fal Moreno, ha situado el proyecto dentro del objetivo del Govern de crear <strong>6.000 nuevas plazas p\u00fablicas residenciales en Catalunya hasta 2028<\/strong>. Seg\u00fan los datos facilitados por la Generalitat, m\u00e1s de la mitad de este objetivo ya se habr\u00eda alcanzado mediante diferentes actuaciones desplegadas en el territorio.<\/p>\n\n\n\n<p class=\"wp-block-paragraph\">La operaci\u00f3n de Barcelona tiene especial importancia porque la capital catalana concentra una poblaci\u00f3n numerosa y envejecida, pero tambi\u00e9n porque la disponibilidad de plazas p\u00fablicas constituye una cuesti\u00f3n especialmente sensible para las familias. El acceso a una residencia puede representar una carga econ\u00f3mica considerable cuando la alternativa disponible es exclusivamente privada.<\/p>\n\n\n\n<p class=\"wp-block-paragraph\">Los nuevos centros estar\u00e1n distribuidos en cuatro \u00e1mbitos de la ciudad, lo que permitir\u00e1 ampliar la oferta m\u00e1s all\u00e1 de un \u00fanico distrito. La ubicaci\u00f3n de los equipamientos tambi\u00e9n responde a la necesidad de acercar los servicios sociales a los barrios donde viven las personas mayores y sus familias.<\/p>\n\n\n\n<p class=\"wp-block-paragraph\">El proyecto prev\u00e9 una inversi\u00f3n que podr\u00eda situarse en torno a los <strong>50 millones de euros en conjunto<\/strong>, aunque el coste definitivo depender\u00e1 de los proyectos constructivos y de los procesos de licitaci\u00f3n. La Generalitat pretende que el nuevo sistema administrativo reduzca los plazos y permita convertir con mayor rapidez los terrenos disponibles en equipamientos efectivos.<\/p>\n\n\n\n<p class=\"wp-block-paragraph\">El anuncio tiene adem\u00e1s una dimensi\u00f3n pol\u00edtica. El alcalde Jaume Collboni ha reivindicado el acuerdo como una forma de recuperar la cooperaci\u00f3n entre el Ayuntamiento y la Generalitat en materia de servicios sociales despu\u00e9s de a\u00f1os en los que la construcci\u00f3n de nuevas residencias p\u00fablicas en Barcelona avanz\u00f3 a un ritmo considerado insuficiente.<\/p>\n\n\n\n<p class=\"wp-block-paragraph\">Pero el anuncio de las obras no equivale todav\u00eda a disponer de las plazas. Entre el acuerdo institucional y la apertura de los centros deber\u00e1n completarse los proyectos t\u00e9cnicos, las licitaciones y la construcci\u00f3n. El calendario de 2031 sit\u00faa, por tanto, el resultado final a varios a\u00f1os vista.<\/p>\n\n\n\n<p class=\"wp-block-paragraph\">Para las familias, la cuesti\u00f3n ser\u00e1 comprobar si este nuevo impulso consigue traducirse en plazas efectivamente disponibles y en una red p\u00fablica capaz de responder al crecimiento de la demanda.<\/p>\n\n\n\n<p class=\"wp-block-paragraph\">Barcelona afronta as\u00ed uno de los principales retos derivados de su transformaci\u00f3n demogr\u00e1fica. <strong>La cuesti\u00f3n no es solamente cu\u00e1ntas personas mayores habr\u00e1 en los pr\u00f3ximos a\u00f1os, sino qu\u00e9 capacidad tendr\u00e1 la ciudad para garantizarles cuidados dignos, accesibles y p\u00fablicos.<\/strong> Los cuatro proyectos anunciados representan un paso concreto en esa direcci\u00f3n, pero tambi\u00e9n establecen un compromiso cuya ejecuci\u00f3n deber\u00e1 seguirse durante los pr\u00f3ximos a\u00f1os.<\/p>\n","protected":false},"excerpt":{"rendered":"<p>Barcelona contar\u00e1 con cuatro nuevas residencias p\u00fablicas para personas mayores que sumar\u00e1n cerca de 500 plazas a la red de atenci\u00f3n de la ciudad. El proyecto es fruto de un acuerdo entre la Generalitat y el Ayuntamiento y contempla la construcci\u00f3n de nuevos equipamientos en Sant Andreu, la Nova Esquerra de l&#8217;Eixample, Marina del Prat [&hellip;]<\/p>\n","protected":false},"author":2,"featured_media":31308,"comment_status":"open","ping_status":"closed","sticky":false,"template":"","format":"standard","meta":{"jnews-multi-image_gallery":[],"jnews_single_post":{"format":"standard"},"jnews_primary_category":[],"jnews_social_meta":[],"jnews_override_counter":[],"jnews_post_split":[],"footnotes":""},"categories":[49,74,71,70,60],"tags":[305,450,3122,302],"coauthors":[115],"class_list":["post-31307","post","type-post","status-publish","format-standard","has-post-thumbnail","hentry","category-actualidad","category-area-metropolitana","category-ciudad-de-barcelona","category-local","category-sociedad","tag-barcelona","tag-generalitat","tag-mayores","tag-residencias"],"_links":{"self":[{"href":"https:\/\/elcontrapunt.cat\/es\/wp-json\/wp\/v2\/posts\/31307","targetHints":{"allow":["GET"]}}],"collection":[{"href":"https:\/\/elcontrapunt.cat\/es\/wp-json\/wp\/v2\/posts"}],"about":[{"href":"https:\/\/elcontrapunt.cat\/es\/wp-json\/wp\/v2\/types\/post"}],"author":[{"embeddable":true,"href":"https:\/\/elcontrapunt.cat\/es\/wp-json\/wp\/v2\/users\/2"}],"replies":[{"embeddable":true,"href":"https:\/\/elcontrapunt.cat\/es\/wp-json\/wp\/v2\/comments?post=31307"}],"version-history":[{"count":1,"href":"https:\/\/elcontrapunt.cat\/es\/wp-json\/wp\/v2\/posts\/31307\/revisions"}],"predecessor-version":[{"id":31309,"href":"https:\/\/elcontrapunt.cat\/es\/wp-json\/wp\/v2\/posts\/31307\/revisions\/31309"}],"wp:featuredmedia":[{"embeddable":true,"href":"https:\/\/elcontrapunt.cat\/es\/wp-json\/wp\/v2\/media\/31308"}],"wp:attachment":[{"href":"https:\/\/elcontrapunt.cat\/es\/wp-json\/wp\/v2\/media?parent=31307"}],"wp:term":[{"taxonomy":"category","embeddable":true,"href":"https:\/\/elcontrapunt.cat\/es\/wp-json\/wp\/v2\/categories?post=31307"},{"taxonomy":"post_tag","embeddable":true,"href":"https:\/\/elcontrapunt.cat\/es\/wp-json\/wp\/v2\/tags?post=31307"},{"taxonomy":"author","embeddable":true,"href":"https:\/\/elcontrapunt.cat\/es\/wp-json\/wp\/v2\/coauthors?post=31307"}],"curies":[{"name":"wp","href":"https:\/\/api.w.org\/{rel}","templated":true}]}}