{"id":31313,"date":"2026-08-28T10:30:00","date_gmt":"2026-08-28T08:30:00","guid":{"rendered":"https:\/\/elcontrapunt.cat\/?p=31313"},"modified":"2026-08-26T16:37:11","modified_gmt":"2026-08-26T14:37:11","slug":"incendio-en-collserola-45-hectareas-quemadas-y-dos-barrios-de-barcelona-confinados-por-el-fuego","status":"publish","type":"post","link":"https:\/\/elcontrapunt.cat\/es\/incendio-en-collserola-45-hectareas-quemadas-y-dos-barrios-de-barcelona-confinados-por-el-fuego\/","title":{"rendered":"Incendio en Collserola: 45 hect\u00e1reas quemadas y dos barrios de Barcelona confinados por el fuego"},"content":{"rendered":"\n<p class=\"wp-block-paragraph\">Barcelona ha vuelto a enfrentarse a un incendio forestal con consecuencias directas para zonas habitadas. El fuego declarado el martes en la sierra de <strong>Collserola<\/strong> ha afectado aproximadamente <strong>45 hect\u00e1reas<\/strong> y oblig\u00f3 a confinar preventivamente los barrios de <strong>Torre Bar\u00f3 y Ciutat Meridiana<\/strong>, en el distrito de Nou Barris. La emergencia puso de manifiesto, una vez m\u00e1s, la proximidad entre uno de los principales espacios naturales de Barcelona y algunos de sus n\u00facleos residenciales.<\/p>\n\n\n\n<p class=\"wp-block-paragraph\">Los equipos de Bombers de la Generalitat y Bombers de Barcelona trabajaron durante la noche para contener las llamas. La evoluci\u00f3n del incendio permiti\u00f3 levantar progresivamente las medidas de confinamiento y recuperar la normalidad en los barrios afectados, aunque los servicios de emergencia mantuvieron la vigilancia ante la posibilidad de que quedaran puntos calientes o se produjeran nuevas propagaciones.<\/p>\n\n\n\n<p class=\"wp-block-paragraph\">La emergencia tambi\u00e9n provoc\u00f3 afectaciones en la movilidad y oblig\u00f3 a modificar temporalmente algunos servicios y accesos en el entorno de Collserola. La prioridad de los equipos de emergencia fue evitar que las llamas alcanzaran las zonas habitadas y garantizar la seguridad de los vecinos que viven en las inmediaciones de la sierra.<\/p>\n\n\n\n<p class=\"wp-block-paragraph\">La dimensi\u00f3n del incendio adquiere una relevancia especial porque <strong>Collserola ya hab\u00eda sufrido otro episodio grave pocas semanas antes<\/strong>. La sucesi\u00f3n de incendios vuelve a poner sobre la mesa la vulnerabilidad de este espacio natural, situado entre una de las \u00e1reas metropolitanas m\u00e1s densamente pobladas de Europa.<\/p>\n\n\n\n<p class=\"wp-block-paragraph\">El teniente de alcalde de Seguridad del Ayuntamiento de Barcelona, Albert Batlle, ha se\u00f1alado precisamente la necesidad de reforzar la vigilancia en las zonas forestales de la ciudad despu\u00e9s de los \u00faltimos episodios. La cuesti\u00f3n ya no se limita a la capacidad de los servicios de emergencia para apagar un incendio una vez declarado, sino a la prevenci\u00f3n y al mantenimiento de un territorio especialmente sensible durante los meses de mayor riesgo.<\/p>\n\n\n\n<p class=\"wp-block-paragraph\">La situaci\u00f3n meteorol\u00f3gica tambi\u00e9n desempe\u00f1a un papel fundamental. Las altas temperaturas, la sequedad de la vegetaci\u00f3n y determinados episodios de viento pueden favorecer una r\u00e1pida propagaci\u00f3n del fuego y dificultar las tareas de extinci\u00f3n. Cuando el incendio se produce junto a barrios residenciales, adem\u00e1s, la emergencia deja de ser exclusivamente forestal y adquiere inmediatamente una dimensi\u00f3n urbana.<\/p>\n\n\n\n<p class=\"wp-block-paragraph\">Para los vecinos de Torre Bar\u00f3 y Ciutat Meridiana, el confinamiento fue la consecuencia m\u00e1s visible de esa proximidad. Las recomendaciones de Protecci\u00f3n Civil obligaron a permanecer en los domicilios mientras los equipos de emergencia trabajaban para controlar las llamas.<\/p>\n\n\n\n<p class=\"wp-block-paragraph\">El incendio vuelve a plantear as\u00ed una cuesti\u00f3n estrat\u00e9gica para Barcelona: <strong>c\u00f3mo proteger simult\u00e1neamente el patrimonio natural de Collserola y a los miles de ciudadanos que viven en sus l\u00edmites<\/strong>. La prevenci\u00f3n, la gesti\u00f3n forestal y la capacidad de respuesta de los servicios p\u00fablicos ser\u00e1n cada vez m\u00e1s importantes ante un escenario de veranos m\u00e1s c\u00e1lidos y condiciones que pueden favorecer incendios de mayor intensidad.<\/p>\n\n\n\n<p class=\"wp-block-paragraph\">Aunque la emergencia ha quedado estabilizada, sus consecuencias van m\u00e1s all\u00e1 de las hect\u00e1reas afectadas. El episodio funciona como una nueva advertencia sobre los riesgos que supone la combinaci\u00f3n entre cambio clim\u00e1tico, masa forestal y expansi\u00f3n urbana. En Barcelona, donde la ciudad pr\u00e1cticamente se encuentra con la monta\u00f1a, la prevenci\u00f3n de los incendios forestales es tambi\u00e9n una cuesti\u00f3n de <strong>seguridad ciudadana<\/strong>.<\/p>\n","protected":false},"excerpt":{"rendered":"<p>Barcelona ha vuelto a enfrentarse a un incendio forestal con consecuencias directas para zonas habitadas. El fuego declarado el martes en la sierra de Collserola ha afectado aproximadamente 45 hect\u00e1reas y oblig\u00f3 a confinar preventivamente los barrios de Torre Bar\u00f3 y Ciutat Meridiana, en el distrito de Nou Barris. La emergencia puso de manifiesto, una [&hellip;]<\/p>\n","protected":false},"author":2,"featured_media":31314,"comment_status":"open","ping_status":"closed","sticky":false,"template":"","format":"standard","meta":{"jnews-multi-image_gallery":[],"jnews_single_post":{"format":"standard"},"jnews_primary_category":[],"jnews_social_meta":[],"jnews_override_counter":[],"jnews_post_split":[],"footnotes":""},"categories":[49,74,71,70,55,60],"tags":[305,1634,837],"coauthors":[115],"class_list":["post-31313","post","type-post","status-publish","format-standard","has-post-thumbnail","hentry","category-actualidad","category-area-metropolitana","category-ciudad-de-barcelona","category-local","category-medio-ambiente-sostenibilidad","category-sociedad","tag-barcelona","tag-collserola","tag-incendio"],"_links":{"self":[{"href":"https:\/\/elcontrapunt.cat\/es\/wp-json\/wp\/v2\/posts\/31313","targetHints":{"allow":["GET"]}}],"collection":[{"href":"https:\/\/elcontrapunt.cat\/es\/wp-json\/wp\/v2\/posts"}],"about":[{"href":"https:\/\/elcontrapunt.cat\/es\/wp-json\/wp\/v2\/types\/post"}],"author":[{"embeddable":true,"href":"https:\/\/elcontrapunt.cat\/es\/wp-json\/wp\/v2\/users\/2"}],"replies":[{"embeddable":true,"href":"https:\/\/elcontrapunt.cat\/es\/wp-json\/wp\/v2\/comments?post=31313"}],"version-history":[{"count":1,"href":"https:\/\/elcontrapunt.cat\/es\/wp-json\/wp\/v2\/posts\/31313\/revisions"}],"predecessor-version":[{"id":31315,"href":"https:\/\/elcontrapunt.cat\/es\/wp-json\/wp\/v2\/posts\/31313\/revisions\/31315"}],"wp:featuredmedia":[{"embeddable":true,"href":"https:\/\/elcontrapunt.cat\/es\/wp-json\/wp\/v2\/media\/31314"}],"wp:attachment":[{"href":"https:\/\/elcontrapunt.cat\/es\/wp-json\/wp\/v2\/media?parent=31313"}],"wp:term":[{"taxonomy":"category","embeddable":true,"href":"https:\/\/elcontrapunt.cat\/es\/wp-json\/wp\/v2\/categories?post=31313"},{"taxonomy":"post_tag","embeddable":true,"href":"https:\/\/elcontrapunt.cat\/es\/wp-json\/wp\/v2\/tags?post=31313"},{"taxonomy":"author","embeddable":true,"href":"https:\/\/elcontrapunt.cat\/es\/wp-json\/wp\/v2\/coauthors?post=31313"}],"curies":[{"name":"wp","href":"https:\/\/api.w.org\/{rel}","templated":true}]}}