{"id":31319,"date":"2026-08-28T15:30:00","date_gmt":"2026-08-28T13:30:00","guid":{"rendered":"https:\/\/elcontrapunt.cat\/?p=31319"},"modified":"2026-08-28T15:38:25","modified_gmt":"2026-08-28T13:38:25","slug":"el-acceso-a-la-vivienda-el-gran-desafio-pendiente-para-una-nueva-generacion-en-cataluna","status":"publish","type":"post","link":"https:\/\/elcontrapunt.cat\/es\/el-acceso-a-la-vivienda-el-gran-desafio-pendiente-para-una-nueva-generacion-en-cataluna\/","title":{"rendered":"El acceso a la vivienda: el gran desaf\u00edo pendiente para una nueva generaci\u00f3n en Catalu\u00f1a"},"content":{"rendered":"\n<p class=\"wp-block-paragraph\">Encontrar una vivienda asequible se ha convertido en uno de los mayores desaf\u00edos sociales de Catalu\u00f1a. Lo que durante a\u00f1os fue una preocupaci\u00f3n principalmente asociada a las grandes ciudades afecta hoy tambi\u00e9n a municipios medianos y peque\u00f1os, donde el aumento de los precios del alquiler y de la compra ha reducido las posibilidades de emancipaci\u00f3n de miles de j\u00f3venes y ha incrementado la presi\u00f3n sobre numerosas familias.<\/p>\n\n\n\n<p class=\"wp-block-paragraph\">La vivienda siempre ha sido un elemento central para el desarrollo personal y econ\u00f3mico. No solo proporciona un lugar donde vivir; tambi\u00e9n condiciona el acceso al empleo, la formaci\u00f3n de nuevos hogares y la estabilidad de las comunidades. Cuando una parte creciente de la poblaci\u00f3n debe destinar un porcentaje cada vez mayor de sus ingresos al pago del alquiler o de una hipoteca, las consecuencias terminan extendi\u00e9ndose al conjunto de la econom\u00eda.<\/p>\n\n\n\n<p class=\"wp-block-paragraph\">La dificultad para acceder a una vivienda no responde a una \u00fanica causa. El incremento de la demanda en determinadas zonas, la limitada oferta de vivienda asequible, el crecimiento demogr\u00e1fico en algunos municipios y la transformaci\u00f3n del mercado inmobiliario han configurado un escenario especialmente complejo. A ello se suman factores como el encarecimiento de la construcci\u00f3n, la escasez de suelo disponible en determinadas \u00e1reas y la evoluci\u00f3n de los tipos de inter\u00e9s durante los \u00faltimos a\u00f1os.<\/p>\n\n\n\n<p class=\"wp-block-paragraph\">El resultado es una realidad que afecta especialmente a los j\u00f3venes. La edad de emancipaci\u00f3n contin\u00faa retras\u00e1ndose y muchas personas se ven obligadas a prolongar la convivencia con sus familias o a compartir vivienda durante m\u00e1s tiempo del que desear\u00edan. Esta situaci\u00f3n no solo condiciona los proyectos personales, sino que tambi\u00e9n tiene efectos sobre la natalidad, la movilidad laboral y la capacidad de atraer talento.<\/p>\n\n\n\n<p class=\"wp-block-paragraph\">El debate p\u00fablico suele centrarse en medidas concretas, desde la construcci\u00f3n de vivienda protegida hasta la regulaci\u00f3n del mercado del alquiler o los incentivos para aumentar la oferta. Todas ellas forman parte de una discusi\u00f3n leg\u00edtima y necesaria. Sin embargo, cualquier estrategia que aspire a ser eficaz deber\u00e1 combinar actuaciones a corto plazo con una planificaci\u00f3n sostenida que permita ampliar el parque residencial y responder a las necesidades futuras de la poblaci\u00f3n.<\/p>\n\n\n\n<p class=\"wp-block-paragraph\">Tambi\u00e9n ser\u00e1 necesario entender que la vivienda no puede analizarse de forma aislada. La planificaci\u00f3n urban\u00edstica, el transporte p\u00fablico, el desarrollo econ\u00f3mico y la disponibilidad de servicios son elementos que influyen directamente en la distribuci\u00f3n de la poblaci\u00f3n y en la presi\u00f3n que soportan determinadas zonas. Favorecer el crecimiento equilibrado del territorio puede contribuir a reducir algunas de las tensiones que hoy se concentran en los municipios m\u00e1s demandados.<\/p>\n\n\n\n<p class=\"wp-block-paragraph\">Catalu\u00f1a afronta un reto que comparten muchas regiones europeas, pero eso no resta urgencia a la b\u00fasqueda de soluciones. Garantizar el acceso a una vivienda digna y asequible no solo es una cuesti\u00f3n de bienestar individual; tambi\u00e9n resulta fundamental para mantener la cohesi\u00f3n social, favorecer el desarrollo econ\u00f3mico y ofrecer oportunidades reales a las nuevas generaciones.<\/p>\n\n\n\n<p class=\"wp-block-paragraph\">La evoluci\u00f3n del mercado inmobiliario seguir\u00e1 marcando buena parte del debate p\u00fablico en los pr\u00f3ximos a\u00f1os. La cuesti\u00f3n ya no es \u00fanicamente c\u00f3mo construir m\u00e1s viviendas, sino c\u00f3mo hacerlo de manera que el crecimiento econ\u00f3mico y el derecho a desarrollar un proyecto de vida puedan avanzar de la mano..<\/p>\n","protected":false},"excerpt":{"rendered":"<p>Encontrar una vivienda asequible se ha convertido en uno de los mayores desaf\u00edos sociales de Catalu\u00f1a. Lo que durante a\u00f1os fue una preocupaci\u00f3n principalmente asociada a las grandes ciudades afecta hoy tambi\u00e9n a municipios medianos y peque\u00f1os, donde el aumento de los precios del alquiler y de la compra ha reducido las posibilidades de emancipaci\u00f3n [&hellip;]<\/p>\n","protected":false},"author":2,"featured_media":31344,"comment_status":"open","ping_status":"closed","sticky":false,"template":"","format":"standard","meta":{"jnews-multi-image_gallery":[],"jnews_single_post":{"format":"standard"},"jnews_primary_category":[],"jnews_social_meta":[],"jnews_override_counter":[],"jnews_post_split":[],"footnotes":""},"categories":[89,88],"tags":[100,3124,326],"coauthors":[96],"class_list":["post-31319","post","type-post","status-publish","format-standard","has-post-thumbnail","hentry","category-columnistas","category-opinion","tag-cataluna","tag-generacion","tag-vivienda"],"_links":{"self":[{"href":"https:\/\/elcontrapunt.cat\/es\/wp-json\/wp\/v2\/posts\/31319","targetHints":{"allow":["GET"]}}],"collection":[{"href":"https:\/\/elcontrapunt.cat\/es\/wp-json\/wp\/v2\/posts"}],"about":[{"href":"https:\/\/elcontrapunt.cat\/es\/wp-json\/wp\/v2\/types\/post"}],"author":[{"embeddable":true,"href":"https:\/\/elcontrapunt.cat\/es\/wp-json\/wp\/v2\/users\/2"}],"replies":[{"embeddable":true,"href":"https:\/\/elcontrapunt.cat\/es\/wp-json\/wp\/v2\/comments?post=31319"}],"version-history":[{"count":1,"href":"https:\/\/elcontrapunt.cat\/es\/wp-json\/wp\/v2\/posts\/31319\/revisions"}],"predecessor-version":[{"id":31320,"href":"https:\/\/elcontrapunt.cat\/es\/wp-json\/wp\/v2\/posts\/31319\/revisions\/31320"}],"wp:featuredmedia":[{"embeddable":true,"href":"https:\/\/elcontrapunt.cat\/es\/wp-json\/wp\/v2\/media\/31344"}],"wp:attachment":[{"href":"https:\/\/elcontrapunt.cat\/es\/wp-json\/wp\/v2\/media?parent=31319"}],"wp:term":[{"taxonomy":"category","embeddable":true,"href":"https:\/\/elcontrapunt.cat\/es\/wp-json\/wp\/v2\/categories?post=31319"},{"taxonomy":"post_tag","embeddable":true,"href":"https:\/\/elcontrapunt.cat\/es\/wp-json\/wp\/v2\/tags?post=31319"},{"taxonomy":"author","embeddable":true,"href":"https:\/\/elcontrapunt.cat\/es\/wp-json\/wp\/v2\/coauthors?post=31319"}],"curies":[{"name":"wp","href":"https:\/\/api.w.org\/{rel}","templated":true}]}}