{"id":31352,"date":"2026-08-29T10:30:00","date_gmt":"2026-08-29T08:30:00","guid":{"rendered":"https:\/\/elcontrapunt.cat\/?p=31352"},"modified":"2026-08-28T21:12:58","modified_gmt":"2026-08-28T19:12:58","slug":"el-cine-chileno-despide-a-paz-ramirez-mientras-la-justicia-investiga-un-atropello-mortal","status":"publish","type":"post","link":"https:\/\/elcontrapunt.cat\/es\/el-cine-chileno-despide-a-paz-ramirez-mientras-la-justicia-investiga-un-atropello-mortal\/","title":{"rendered":"El cine chileno despide a Paz Ram\u00edrez mientras la justicia investiga un atropello mortal"},"content":{"rendered":"\n<p class=\"wp-block-paragraph\">La muerte de <strong>Paz Ram\u00edrez, a los 39 a\u00f1os, ha conmocionado al mundo audiovisual chileno<\/strong> y ha abierto una investigaci\u00f3n judicial por un atropello ocurrido el domingo 23 de agosto en Providencia, Santiago. La cineasta fue embestida por un autom\u00f3vil cuando regres\u00f3 sobre sus pasos para intentar proteger a su perra, Marta, que se hab\u00eda soltado durante un paseo. El conductor abandon\u00f3 posteriormente el lugar y fue detenido tres d\u00edas despu\u00e9s.<\/p>\n\n\n\n<p class=\"wp-block-paragraph\">Seg\u00fan los antecedentes conocidos, Ram\u00edrez cruzaba la avenida Andr\u00e9s Bello junto a un acompa\u00f1ante cuando su mascota qued\u00f3 rezagada. La cineasta volvi\u00f3 para evitar que el animal pudiera ser atropellado y, en ese instante, recibi\u00f3 el impacto del veh\u00edculo. Un testigo, el dibujante Tom\u00e1s Cisternas, afirm\u00f3 que el autom\u00f3vil circulaba a gran velocidad. La v\u00edctima fue trasladada en estado cr\u00edtico a la Cl\u00ednica Indisa, donde muri\u00f3 alrededor de las <strong>20:45 horas<\/strong> a causa de la gravedad de las lesiones. Marta sobrevivi\u00f3.<\/p>\n\n\n\n<p class=\"wp-block-paragraph\">La investigaci\u00f3n permiti\u00f3 reconstruir el recorrido del veh\u00edculo mediante c\u00e1maras de seguridad y localizarlo posteriormente en un estacionamiento del centro de Santiago. El autom\u00f3vil presentaba da\u00f1os en la parte frontal compatibles con el accidente y fue incautado para ser sometido a peritajes. El detenido es un <strong>ciudadano chileno de 53 a\u00f1os<\/strong>, con antecedentes por conducci\u00f3n en estado de ebriedad, seg\u00fan informaciones difundidas durante la investigaci\u00f3n.<\/p>\n\n\n\n<p class=\"wp-block-paragraph\">El caso presenta una dimensi\u00f3n jur\u00eddica especialmente relevante por la conducta posterior al atropello. El conductor <strong>no se detuvo para auxiliar a la v\u00edctima<\/strong>, circunstancia que forma parte de la investigaci\u00f3n de la Fiscal\u00eda de \u00d1u\u00f1oa-Providencia. Las autoridades deber\u00e1n determinar, a partir de las pruebas t\u00e9cnicas y testimoniales, la velocidad del veh\u00edculo, la mec\u00e1nica exacta del impacto y las eventuales responsabilidades penales. El detenido habr\u00eda declarado que crey\u00f3 haber atropellado a un animal, aunque esa versi\u00f3n deber\u00e1 ser contrastada con las dem\u00e1s evidencias.<\/p>\n\n\n\n<p class=\"wp-block-paragraph\">Ram\u00edrez deja adem\u00e1s una trayectoria profesional que se encontraba en plena expansi\u00f3n. Fue <strong>directora, guionista, productora y gestora audiovisual<\/strong>, y particip\u00f3 en producciones como <em>No<\/em> (2012), <em>Los 33<\/em> (2015), <em>Pr\u00f3fugos<\/em> y el cortometraje <em>Helechos<\/em> (2023). Tambi\u00e9n ejerc\u00eda como directora ejecutiva de Alga Estudio, dedicado a la formaci\u00f3n y creaci\u00f3n audiovisual, y hab\u00eda participado recientemente en festivales internacionales, incluido Tribeca.<\/p>\n\n\n\n<p class=\"wp-block-paragraph\">Su muerte adquiere una dimensi\u00f3n todav\u00eda m\u00e1s \u00edntima por su v\u00ednculo familiar. Ram\u00edrez era hermana de las actrices <strong>Mar\u00eda Jos\u00e9 y \u00c1ngela Prieto<\/strong> y se hab\u00eda comprometido apenas dos meses antes con Santiago Barros. Para el sector cultural chileno, su fallecimiento no representa \u00fanicamente la p\u00e9rdida de una profesional reconocida, sino la interrupci\u00f3n abrupta de una carrera que comenzaba a recoger los frutos de a\u00f1os de trabajo.<\/p>\n\n\n\n<p class=\"wp-block-paragraph\">El caso deja ahora dos tiempos distintos. <strong>Para la justicia, comienza la etapa de establecer hechos, responsabilidades y eventuales delitos; para la comunidad cinematogr\u00e1fica, empieza el duelo por una creadora cuya trayectoria qued\u00f3 truncada a los 39 a\u00f1os.<\/strong> En Providencia, una decisi\u00f3n tomada en apenas unos segundos termin\u00f3 convirti\u00e9ndose en una investigaci\u00f3n penal y en una p\u00e9rdida que ha trascendido las fronteras de la industria audiovisual chilena.<\/p>\n","protected":false},"excerpt":{"rendered":"<p>La muerte de Paz Ram\u00edrez, a los 39 a\u00f1os, ha conmocionado al mundo audiovisual chileno y ha abierto una investigaci\u00f3n judicial por un atropello ocurrido el domingo 23 de agosto en Providencia, Santiago. La cineasta fue embestida por un autom\u00f3vil cuando regres\u00f3 sobre sus pasos para intentar proteger a su perra, Marta, que se hab\u00eda [&hellip;]<\/p>\n","protected":false},"author":2,"featured_media":31353,"comment_status":"open","ping_status":"closed","sticky":false,"template":"","format":"standard","meta":{"jnews-multi-image_gallery":[],"jnews_single_post":{"format":"standard"},"jnews_primary_category":[],"jnews_social_meta":[],"jnews_override_counter":[],"jnews_post_split":[],"footnotes":""},"categories":[49,53],"tags":[3139,3138],"coauthors":[96],"class_list":["post-31352","post","type-post","status-publish","format-standard","has-post-thumbnail","hentry","category-actualidad","category-internacional","tag-atropello","tag-ramirez"],"_links":{"self":[{"href":"https:\/\/elcontrapunt.cat\/es\/wp-json\/wp\/v2\/posts\/31352","targetHints":{"allow":["GET"]}}],"collection":[{"href":"https:\/\/elcontrapunt.cat\/es\/wp-json\/wp\/v2\/posts"}],"about":[{"href":"https:\/\/elcontrapunt.cat\/es\/wp-json\/wp\/v2\/types\/post"}],"author":[{"embeddable":true,"href":"https:\/\/elcontrapunt.cat\/es\/wp-json\/wp\/v2\/users\/2"}],"replies":[{"embeddable":true,"href":"https:\/\/elcontrapunt.cat\/es\/wp-json\/wp\/v2\/comments?post=31352"}],"version-history":[{"count":1,"href":"https:\/\/elcontrapunt.cat\/es\/wp-json\/wp\/v2\/posts\/31352\/revisions"}],"predecessor-version":[{"id":31354,"href":"https:\/\/elcontrapunt.cat\/es\/wp-json\/wp\/v2\/posts\/31352\/revisions\/31354"}],"wp:featuredmedia":[{"embeddable":true,"href":"https:\/\/elcontrapunt.cat\/es\/wp-json\/wp\/v2\/media\/31353"}],"wp:attachment":[{"href":"https:\/\/elcontrapunt.cat\/es\/wp-json\/wp\/v2\/media?parent=31352"}],"wp:term":[{"taxonomy":"category","embeddable":true,"href":"https:\/\/elcontrapunt.cat\/es\/wp-json\/wp\/v2\/categories?post=31352"},{"taxonomy":"post_tag","embeddable":true,"href":"https:\/\/elcontrapunt.cat\/es\/wp-json\/wp\/v2\/tags?post=31352"},{"taxonomy":"author","embeddable":true,"href":"https:\/\/elcontrapunt.cat\/es\/wp-json\/wp\/v2\/coauthors?post=31352"}],"curies":[{"name":"wp","href":"https:\/\/api.w.org\/{rel}","templated":true}]}}