{"id":31358,"date":"2026-08-30T10:30:00","date_gmt":"2026-08-30T08:30:00","guid":{"rendered":"https:\/\/elcontrapunt.cat\/?p=31358"},"modified":"2026-08-28T21:33:27","modified_gmt":"2026-08-28T19:33:27","slug":"la-l1-del-metro-recupera-este-sabado-el-servicio-entre-florida-y-placa-de-sants-tras-seis-semanas-de-obras","status":"publish","type":"post","link":"https:\/\/elcontrapunt.cat\/es\/la-l1-del-metro-recupera-este-sabado-el-servicio-entre-florida-y-placa-de-sants-tras-seis-semanas-de-obras\/","title":{"rendered":"La L1 del Metro recupera este s\u00e1bado el servicio entre Florida y Pla\u00e7a de Sants tras seis semanas de obras"},"content":{"rendered":"\n<p class=\"wp-block-paragraph\">La <strong>l\u00ednea 1 del Metro de Barcelona<\/strong> recuperar\u00e1 este s\u00e1bado, 29 de agosto, el servicio entre las estaciones de <strong>Florida y Pla\u00e7a de Sants<\/strong>, despu\u00e9s de seis semanas de interrupci\u00f3n por las obras de mejora de la infraestructura. La reapertura permitir\u00e1 recuperar la circulaci\u00f3n habitual de una de las l\u00edneas con mayor demanda de la red y pondr\u00e1 fin a una afectaci\u00f3n que comenz\u00f3 el pasado 17 de julio.<\/p>\n\n\n\n<p class=\"wp-block-paragraph\">Los trabajos han incluido la renovaci\u00f3n integral de la v\u00eda entre <strong>Santa Eul\u00e0lia y Mercat Nou<\/strong>, adem\u00e1s de actuaciones sobre los aparatos de v\u00eda de Santa Eul\u00e0lia que conectan la l\u00ednea con las instalaciones de mantenimiento. TMB sostiene que las obras est\u00e1n destinadas a mejorar la calidad, la fiabilidad y la seguridad de la infraestructura.<\/p>\n\n\n\n<p class=\"wp-block-paragraph\">El tramo afectado atraviesa una zona densamente poblada del \u00e1rea metropolitana y conecta municipios y barrios con una elevada utilizaci\u00f3n cotidiana del transporte p\u00fablico. Durante las seis semanas de obras, los usuarios tuvieron que recurrir a alternativas de transporte para cubrir el trayecto entre Florida y Pla\u00e7a de Sants.<\/p>\n\n\n\n<p class=\"wp-block-paragraph\">La interrupci\u00f3n ha obligado a reorganizar los desplazamientos de miles de pasajeros durante buena parte del verano. La reapertura adquiere, por tanto, una dimensi\u00f3n pr\u00e1ctica especialmente importante para quienes utilizan la L1 para acudir al trabajo, realizar gestiones o desplazarse por Barcelona y L&#8217;Hospitalet de Llobregat.<\/p>\n\n\n\n<p class=\"wp-block-paragraph\">Seg\u00fan TMB, los trabajos se han desarrollado dentro del calendario previsto y el servicio se restablecer\u00e1 al inicio de la jornada del s\u00e1bado. La actuaci\u00f3n forma parte del programa de renovaci\u00f3n de infraestructuras que la empresa p\u00fablica est\u00e1 desarrollando durante el verano en diferentes puntos de la red.<\/p>\n\n\n\n<p class=\"wp-block-paragraph\">La finalizaci\u00f3n de esta obra no significa, sin embargo, que desaparezcan todas las afectaciones del Metro de Barcelona. Durante este periodo estival se est\u00e1n realizando otras intervenciones destinadas a modernizar la red y mejorar su funcionamiento. TMB mantiene informaci\u00f3n espec\u00edfica sobre las alteraciones y las alternativas disponibles para los pasajeros.<\/p>\n\n\n\n<p class=\"wp-block-paragraph\">La renovaci\u00f3n de la L1 tiene especial importancia porque una interrupci\u00f3n prolongada en una l\u00ednea de alta demanda puede generar efectos sobre otras l\u00edneas y medios de transporte, trasladando parte de los usuarios hacia autobuses, trenes y otros servicios metropolitanos.<\/p>\n\n\n\n<p class=\"wp-block-paragraph\">La inversi\u00f3n en mantenimiento resulta especialmente relevante para una red que transporta diariamente a cientos de miles de personas. Las obras pueden provocar molestias a corto plazo, pero permiten sustituir elementos de infraestructura que, de no renovarse, podr\u00edan generar un n\u00famero mayor de incidencias y problemas de fiabilidad en el futuro.<\/p>\n\n\n\n<p class=\"wp-block-paragraph\">Para los pasajeros, el principal resultado de la intervenci\u00f3n ser\u00e1 recuperar una conexi\u00f3n directa que permaneci\u00f3 interrumpida durante seis semanas. La reapertura permitir\u00e1 adem\u00e1s comprobar si las actuaciones consiguen reducir las incidencias y mejorar la regularidad del servicio en este tramo de la l\u00ednea.<\/p>\n\n\n\n<p class=\"wp-block-paragraph\">Barcelona afronta as\u00ed uno de los principales desaf\u00edos de su movilidad: mantener una red de transporte p\u00fablico capaz de responder a una demanda elevada mientras se ejecutan las obras necesarias para modernizarla.<\/p>\n\n\n\n<p class=\"wp-block-paragraph\">La reapertura de la L1 representa el final de una de las principales interrupciones programadas del verano, pero tambi\u00e9n recuerda que <strong>el mantenimiento de la red es una condici\u00f3n indispensable para garantizar un transporte p\u00fablico fiable<\/strong>. Para los usuarios, la expectativa ahora es que las semanas de molestias se traduzcan en un servicio m\u00e1s estable durante los pr\u00f3ximos a\u00f1os.<\/p>\n","protected":false},"excerpt":{"rendered":"<p>La l\u00ednea 1 del Metro de Barcelona recuperar\u00e1 este s\u00e1bado, 29 de agosto, el servicio entre las estaciones de Florida y Pla\u00e7a de Sants, despu\u00e9s de seis semanas de interrupci\u00f3n por las obras de mejora de la infraestructura. La reapertura permitir\u00e1 recuperar la circulaci\u00f3n habitual de una de las l\u00edneas con mayor demanda de la [&hellip;]<\/p>\n","protected":false},"author":2,"featured_media":31359,"comment_status":"open","ping_status":"closed","sticky":false,"template":"","format":"standard","meta":{"jnews-multi-image_gallery":[],"jnews_single_post":{"format":"standard"},"jnews_primary_category":[],"jnews_social_meta":[],"jnews_override_counter":[],"jnews_post_split":[],"footnotes":""},"categories":[49,74,71,70,60],"tags":[305,3067,3142,390,2428],"coauthors":[115],"class_list":["post-31358","post","type-post","status-publish","format-standard","has-post-thumbnail","hentry","category-actualidad","category-area-metropolitana","category-ciudad-de-barcelona","category-local","category-sociedad","tag-barcelona","tag-florida","tag-l1","tag-metro","tag-placa-de-sants"],"_links":{"self":[{"href":"https:\/\/elcontrapunt.cat\/es\/wp-json\/wp\/v2\/posts\/31358","targetHints":{"allow":["GET"]}}],"collection":[{"href":"https:\/\/elcontrapunt.cat\/es\/wp-json\/wp\/v2\/posts"}],"about":[{"href":"https:\/\/elcontrapunt.cat\/es\/wp-json\/wp\/v2\/types\/post"}],"author":[{"embeddable":true,"href":"https:\/\/elcontrapunt.cat\/es\/wp-json\/wp\/v2\/users\/2"}],"replies":[{"embeddable":true,"href":"https:\/\/elcontrapunt.cat\/es\/wp-json\/wp\/v2\/comments?post=31358"}],"version-history":[{"count":1,"href":"https:\/\/elcontrapunt.cat\/es\/wp-json\/wp\/v2\/posts\/31358\/revisions"}],"predecessor-version":[{"id":31360,"href":"https:\/\/elcontrapunt.cat\/es\/wp-json\/wp\/v2\/posts\/31358\/revisions\/31360"}],"wp:featuredmedia":[{"embeddable":true,"href":"https:\/\/elcontrapunt.cat\/es\/wp-json\/wp\/v2\/media\/31359"}],"wp:attachment":[{"href":"https:\/\/elcontrapunt.cat\/es\/wp-json\/wp\/v2\/media?parent=31358"}],"wp:term":[{"taxonomy":"category","embeddable":true,"href":"https:\/\/elcontrapunt.cat\/es\/wp-json\/wp\/v2\/categories?post=31358"},{"taxonomy":"post_tag","embeddable":true,"href":"https:\/\/elcontrapunt.cat\/es\/wp-json\/wp\/v2\/tags?post=31358"},{"taxonomy":"author","embeddable":true,"href":"https:\/\/elcontrapunt.cat\/es\/wp-json\/wp\/v2\/coauthors?post=31358"}],"curies":[{"name":"wp","href":"https:\/\/api.w.org\/{rel}","templated":true}]}}