{"id":31396,"date":"2026-09-05T20:00:00","date_gmt":"2026-09-05T18:00:00","guid":{"rendered":"https:\/\/elcontrapunt.cat\/?p=31396"},"modified":"2026-08-31T10:36:00","modified_gmt":"2026-08-31T08:36:00","slug":"los-usuarios-de-transporte-publico-podran-pagar-directamente-con-tarjeta-en-el-area-de-barcelona","status":"publish","type":"post","link":"https:\/\/elcontrapunt.cat\/es\/los-usuarios-de-transporte-publico-podran-pagar-directamente-con-tarjeta-en-el-area-de-barcelona\/","title":{"rendered":"Los usuarios de transporte p\u00fablico podr\u00e1n pagar directamente con tarjeta en el \u00e1rea de Barcelona"},"content":{"rendered":"\n<p class=\"has-medium-font-size wp-block-paragraph\"><strong>La ATM saca a licitaci\u00f3n el sistema que lo har\u00e1 posible<\/strong><\/p>\n\n<p class=\"wp-block-paragraph\">La Autoritat del Transport Metropolit\u00e0 (ATM) prepara la licitaci\u00f3n del sistema que permitir\u00e1 pagar directamente con tarjeta de cr\u00e9dito o d\u00e9bito al transporte p\u00fablico del \u00e1rea de Barcelona.<\/p>\n\n<p class=\"wp-block-paragraph\">El proyecto permitir\u00e1 a los usuarios de metro, autob\u00fas y tren acceder a la red de transporte sin tener que comprar previamente un billete sencillo de transporte, sino validando directamente el viaje con una tarjeta bancaria o un dispositivo compatible.<\/p>\n\n<p class=\"wp-block-paragraph\">El objetivo es que la licitaci\u00f3n se resuelva a finales de a\u00f1o y que el sistema est\u00e9 operativo durante 2027.<\/p>\n\n<p class=\"wp-block-paragraph\">La licitaci\u00f3n deber\u00e1 concretar las soluciones tecnol\u00f3gicas necesarias para desarrollar este sistema.<\/p>\n\n<p class=\"wp-block-paragraph\">La consejera de Territorio, Vivienda y Transici\u00f3n Ecol\u00f3gica y portavoz del Govern, S\u00edlvia Paneque, ha explicado que el sistema est\u00e1 pensado para \u00abel usuario espor\u00e1dico\u00bb. Desde el departamento de Interior, Paneque ha a\u00f1adido que el per\u00edodo de implementaci\u00f3n es de 3 meses, y que el contrato prev\u00e9 un establecimiento del sistema de 2 a\u00f1os, con posibilidad de pr\u00f3rroga de un a\u00f1o m\u00e1s. <\/p>\n","protected":false},"excerpt":{"rendered":"<p>La ATM saca a licitaci\u00f3n el sistema que lo har\u00e1 posible La Autoritat del Transport Metropolit\u00e0 (ATM) prepara la licitaci\u00f3n del sistema que permitir\u00e1 pagar directamente con tarjeta de cr\u00e9dito o d\u00e9bito al transporte p\u00fablico del \u00e1rea de Barcelona. El proyecto permitir\u00e1 a los usuarios de metro, autob\u00fas y tren acceder a la red de [&hellip;]<\/p>\n","protected":false},"author":12,"featured_media":31395,"comment_status":"open","ping_status":"closed","sticky":false,"template":"","format":"standard","meta":{"jnews-multi-image_gallery":[],"jnews_single_post":[],"jnews_primary_category":[],"jnews_social_meta":[],"jnews_override_counter":[],"jnews_post_split":[],"footnotes":""},"categories":[49,74,71,70,446,1,60],"tags":[1235,3158,829,561],"coauthors":[395],"class_list":["post-31396","post","type-post","status-publish","format-standard","has-post-thumbnail","hentry","category-actualidad","category-area-metropolitana","category-ciudad-de-barcelona","category-local","category-portada","category-sin-categorizar","category-sociedad","tag-atm","tag-credito","tag-publico","tag-transporte"],"_links":{"self":[{"href":"https:\/\/elcontrapunt.cat\/es\/wp-json\/wp\/v2\/posts\/31396","targetHints":{"allow":["GET"]}}],"collection":[{"href":"https:\/\/elcontrapunt.cat\/es\/wp-json\/wp\/v2\/posts"}],"about":[{"href":"https:\/\/elcontrapunt.cat\/es\/wp-json\/wp\/v2\/types\/post"}],"author":[{"embeddable":true,"href":"https:\/\/elcontrapunt.cat\/es\/wp-json\/wp\/v2\/users\/12"}],"replies":[{"embeddable":true,"href":"https:\/\/elcontrapunt.cat\/es\/wp-json\/wp\/v2\/comments?post=31396"}],"version-history":[{"count":1,"href":"https:\/\/elcontrapunt.cat\/es\/wp-json\/wp\/v2\/posts\/31396\/revisions"}],"predecessor-version":[{"id":31397,"href":"https:\/\/elcontrapunt.cat\/es\/wp-json\/wp\/v2\/posts\/31396\/revisions\/31397"}],"wp:featuredmedia":[{"embeddable":true,"href":"https:\/\/elcontrapunt.cat\/es\/wp-json\/wp\/v2\/media\/31395"}],"wp:attachment":[{"href":"https:\/\/elcontrapunt.cat\/es\/wp-json\/wp\/v2\/media?parent=31396"}],"wp:term":[{"taxonomy":"category","embeddable":true,"href":"https:\/\/elcontrapunt.cat\/es\/wp-json\/wp\/v2\/categories?post=31396"},{"taxonomy":"post_tag","embeddable":true,"href":"https:\/\/elcontrapunt.cat\/es\/wp-json\/wp\/v2\/tags?post=31396"},{"taxonomy":"author","embeddable":true,"href":"https:\/\/elcontrapunt.cat\/es\/wp-json\/wp\/v2\/coauthors?post=31396"}],"curies":[{"name":"wp","href":"https:\/\/api.w.org\/{rel}","templated":true}]}}