{"id":31408,"date":"2026-09-02T14:00:00","date_gmt":"2026-09-02T12:00:00","guid":{"rendered":"https:\/\/elcontrapunt.cat\/?p=31408"},"modified":"2026-08-31T11:46:14","modified_gmt":"2026-08-31T09:46:14","slug":"lhospitalet-supera-los-500-patinetes-electricos-requisados-en-lo-que-va-de-ano","status":"publish","type":"post","link":"https:\/\/elcontrapunt.cat\/es\/lhospitalet-supera-los-500-patinetes-electricos-requisados-en-lo-que-va-de-ano\/","title":{"rendered":"L&#8217;Hospitalet supera los 500 patinetes el\u00e9ctricos requisados \u200b\u200ben lo que va de a\u00f1o"},"content":{"rendered":"\n<p class=\"has-medium-font-size wp-block-paragraph\"><strong>La Guardia Urbana intensifica los controles para prevenir delitos e incrementar la sensaci\u00f3n de seguridad<\/strong><\/p>\n\n<p class=\"wp-block-paragraph\">La Guardia Urbana de L&#8217;Hospitalet ha requisado en lo que va de a\u00f1o 502 veh\u00edculos de movilidad personal (VMP). El dato representa un incremento significativo respecto al a\u00f1o anterior. Durante todo el 2025, la Guardia Urbana requis\u00f3 340 patinetes el\u00e9ctricos. Esto significa que, a cuatro meses de finalizar el a\u00f1o, ya se han retirado 162 veh\u00edculos m\u00e1s, una cifra que representa un incremento del 47,6% respecto a todo el 2025.   <\/p>\n\n<p class=\"wp-block-paragraph\">El aumento de las actuaciones coincide con la intensificaci\u00f3n de los dispositivos policiales y de los controles espec\u00edficos sobre los veh\u00edculos de movilidad personal que se despliegan en distintos puntos de la ciudad.<\/p>\n\n<p class=\"wp-block-paragraph\">Adem\u00e1s de los controles de VMP que se realizan en dispositivos policiales como Kanpai o Basti\u00f3, la Guardia Urbana de Hospitalet y los Mossos d&#8217;Esquadra mantienen activo el dispositivo Nimbus, centrado espec\u00edficamente en el control de los patinetes el\u00e9ctricos en la ciudad.<\/p>\n\n<p class=\"wp-block-paragraph\">Nimbus permite intensificar la detecci\u00f3n de veh\u00edculos manipulados, patinetes que incumplen las condiciones legales de circulaci\u00f3n y otras conductas que pueden comportar un riesgo para la seguridad vial. Al mismo tiempo, estos controles tienen una vertiente preventiva en materia de seguridad ciudadana. <\/p>\n\n<h2 class=\"wp-block-heading\"><strong>Prevenci\u00f3n de la delincuencia y seguridad vial<\/strong><\/h2>\n\n<p class=\"wp-block-paragraph\">El control de los patinetes el\u00e9ctricos tiene, en este sentido, una doble finalidad. Por un lado, forma parte de las actuaciones de prevenci\u00f3n de la delincuencia, ya que en muchas ocasiones estos veh\u00edculos son utilizados para facilitar la comisi\u00f3n de delitos contra el patrimonio, especialmente tirones, robos y fugas r\u00e1pidas despu\u00e9s de los hechos. <\/p>\n\n<p class=\"wp-block-paragraph\">Por otra parte, los controles permiten detectar y retirar de la v\u00eda p\u00fablica a los VMP que incumplen la normativa o pueden representar un riesgo para la seguridad vial.<\/p>\n\n<p class=\"wp-block-paragraph\">Entre las circunstancias que pueden motivar una intervenci\u00f3n policial se encuentra la circulaci\u00f3n con veh\u00edculos manipulados para aumentar sus prestaciones, la falta de los requisitos obligatorios para circular u otros incumplimientos graves de la normativa.<\/p>\n\n<p class=\"wp-block-paragraph\">Los veh\u00edculos requisados \u200b\u200bpor estos motivos son trasladados al dep\u00f3sito municipal, donde permanecen hasta que sus titulares regularizan su situaci\u00f3n de acuerdo con la normativa vigente o, si no se produce esta regularizaci\u00f3n, son destruidos.<\/p>\n\n<h2 class=\"wp-block-heading\"><strong>Nueva normativa<\/strong><\/h2>\n\n<p class=\"wp-block-paragraph\">Los controles adquirir\u00e1n a\u00fan mayor relevancia a partir del 1 de octubre de este a\u00f1o, cuando entrar\u00e1 en vigor la reforma del Reglamento general de circulaci\u00f3n. La nueva regulaci\u00f3n establece un marco estatal m\u00e1s concreto para veh\u00edculos de movilidad personal. <\/p>\n\n<p class=\"wp-block-paragraph\">Entre las principales novedades, se establece una edad m\u00ednima de 15 a\u00f1os para conducir un VMP, uso obligatorio de casco de protecci\u00f3n homologado o certificado y la obligaci\u00f3n de se\u00f1alizar las maniobras con el brazo. Tambi\u00e9n se refuerza la prohibici\u00f3n de circular por las aceras y se mantienen restricciones de circulaci\u00f3n en autopistas, autov\u00edas, traves\u00edas y determinadas v\u00edas interurbanas. <\/p>\n\n<p class=\"wp-block-paragraph\">La reforma establece igualmente que los usuarios de VMP que circulen de noche o en condiciones de visibilidad reducida tendr\u00e1n que llevar al menos un elemento luminoso o reflectante visible a una distancia m\u00ednima de 150 metros. Sin embargo, la obligaci\u00f3n de que el propio VMP lleve el alumbrado encendido tambi\u00e9n durante el d\u00eda no ser\u00e1 exigible hasta el 1 de octubre de 2027. <\/p>\n\n<p class=\"wp-block-paragraph\">La Guardia Urbana recuerda tambi\u00e9n que la velocidad m\u00e1xima establecida para los VMP es de 25 km\/hy que los veh\u00edculos no se pueden manipular para incrementar sus prestaciones. Asimismo, est\u00e1 prohibido utilizar el tel\u00e9fono m\u00f3vil o auriculares durante la conducci\u00f3n y circular bajo los efectos del alcohol o las drogas. <\/p>\n\n<h2 class=\"wp-block-heading\"><strong>M\u00e1s controles durante los pr\u00f3ximos meses<\/strong><\/h2>\n\n<p class=\"wp-block-paragraph\">La Guardia Urbana de Hospitalet continuar\u00e1 intensificando los dispositivos de control de los veh\u00edculos de movilidad personal, tanto a trav\u00e9s de las actuaciones generales de seguridad ciudadana como del dispositivo espec\u00edfico Nimbus, con el objetivo de prevenir la delincuencia, reforzar la seguridad vial y garantizar una movilidad m\u00e1s segura para el conjunto de la ciudadan\u00eda.<\/p>\n\n<p class=\"wp-block-paragraph\">Estas actuaciones forman parte de una estrategia m\u00e1s amplia del Ayuntamiento de Hospitalet para reforzar la seguridad, la convivencia y el civismo en los barrios. En este marco, se ha aprobado inicialmente la limitaci\u00f3n horaria, entre las 22 y las 7 horas, de los establecimientos comerciales de venta personalizada o en r\u00e9gimen de autoservicio de hasta 300 metros cuadrados en todo el municipio, con el objetivo de reducir las incidencias nocturnas vinculadas al consumo de alcohol en el espacio p\u00fablico, el ruido y otras molestias. <\/p>\n\n<p class=\"wp-block-paragraph\">A trav\u00e9s del Plan Nautilus, se ha impulsado tambi\u00e9n el cierre de m\u00e1s de 15 locales que generaban problemas de ruido y molestias y de m\u00e1s de 30 narcolocales que provocaban situaciones de inseguridad, al tiempo que se han reforzado los dispositivos policiales con operativos como Kanpai y Basti\u00f3, liderados por los Mossos d&#8217;Esquadra con el apoyo de la Urbana.<\/p>\n\n<p class=\"wp-block-paragraph\">Este conjunto de medidas est\u00e1 dando resultados: entre enero y julio de 2026, los delitos en Hospitalet han disminuido un 11% respecto al mismo per\u00edodo de 2025, consolidando una tendencia a la baja y avanzando en el objetivo de continuar mejorando la seguridad, la convivencia y la calidad de vida en la ciudad.<\/p>\n","protected":false},"excerpt":{"rendered":"<p>La Guardia Urbana intensifica los controles para prevenir delitos e incrementar la sensaci\u00f3n de seguridad La Guardia Urbana de L&#8217;Hospitalet ha requisado en lo que va de a\u00f1o 502 veh\u00edculos de movilidad personal (VMP). El dato representa un incremento significativo respecto al a\u00f1o anterior. Durante todo el 2025, la Guardia Urbana requis\u00f3 340 patinetes el\u00e9ctricos. [&hellip;]<\/p>\n","protected":false},"author":12,"featured_media":31407,"comment_status":"open","ping_status":"closed","sticky":false,"template":"","format":"standard","meta":{"jnews-multi-image_gallery":[],"jnews_single_post":[],"jnews_primary_category":[],"jnews_social_meta":[],"jnews_override_counter":[],"jnews_post_split":[],"footnotes":""},"categories":[49,74,70,446,1,60],"tags":[589,469,2037,1304,3165],"coauthors":[395],"class_list":["post-31408","post","type-post","status-publish","format-standard","has-post-thumbnail","hentry","category-actualidad","category-area-metropolitana","category-local","category-portada","category-sin-categorizar","category-sociedad","tag-guardia-urbana","tag-lhospitalet","tag-mossos-desquadra","tag-patinete","tag-vmp"],"_links":{"self":[{"href":"https:\/\/elcontrapunt.cat\/es\/wp-json\/wp\/v2\/posts\/31408","targetHints":{"allow":["GET"]}}],"collection":[{"href":"https:\/\/elcontrapunt.cat\/es\/wp-json\/wp\/v2\/posts"}],"about":[{"href":"https:\/\/elcontrapunt.cat\/es\/wp-json\/wp\/v2\/types\/post"}],"author":[{"embeddable":true,"href":"https:\/\/elcontrapunt.cat\/es\/wp-json\/wp\/v2\/users\/12"}],"replies":[{"embeddable":true,"href":"https:\/\/elcontrapunt.cat\/es\/wp-json\/wp\/v2\/comments?post=31408"}],"version-history":[{"count":1,"href":"https:\/\/elcontrapunt.cat\/es\/wp-json\/wp\/v2\/posts\/31408\/revisions"}],"predecessor-version":[{"id":31409,"href":"https:\/\/elcontrapunt.cat\/es\/wp-json\/wp\/v2\/posts\/31408\/revisions\/31409"}],"wp:featuredmedia":[{"embeddable":true,"href":"https:\/\/elcontrapunt.cat\/es\/wp-json\/wp\/v2\/media\/31407"}],"wp:attachment":[{"href":"https:\/\/elcontrapunt.cat\/es\/wp-json\/wp\/v2\/media?parent=31408"}],"wp:term":[{"taxonomy":"category","embeddable":true,"href":"https:\/\/elcontrapunt.cat\/es\/wp-json\/wp\/v2\/categories?post=31408"},{"taxonomy":"post_tag","embeddable":true,"href":"https:\/\/elcontrapunt.cat\/es\/wp-json\/wp\/v2\/tags?post=31408"},{"taxonomy":"author","embeddable":true,"href":"https:\/\/elcontrapunt.cat\/es\/wp-json\/wp\/v2\/coauthors?post=31408"}],"curies":[{"name":"wp","href":"https:\/\/api.w.org\/{rel}","templated":true}]}}