{"id":31414,"date":"2026-09-02T20:00:00","date_gmt":"2026-09-02T18:00:00","guid":{"rendered":"https:\/\/elcontrapunt.cat\/?p=31414"},"modified":"2026-08-31T16:51:55","modified_gmt":"2026-08-31T14:51:55","slug":"las-exportaciones-catalanas-crecen-un-13-en-el-primer-semestre-de-2026","status":"publish","type":"post","link":"https:\/\/elcontrapunt.cat\/es\/las-exportaciones-catalanas-crecen-un-13-en-el-primer-semestre-de-2026\/","title":{"rendered":"Las exportaciones catalanas crecen un 1,3% en el primer semestre de 2026"},"content":{"rendered":"\n<p class=\"has-medium-font-size wp-block-paragraph\"><strong>Las ventas de las empresas catalanas en el extranjero han ascendido a 51.795 millones de euros entre enero y junio<\/strong><\/p>\n\n<p class=\"wp-block-paragraph\">Las exportaciones catalanas han crecido un 1,3% en t\u00e9rminos interanuales en el primer semestre de 2026 y han alcanzado los 51.795 millones de euros entre enero y junio de 2026.<\/p>\n\n<p class=\"wp-block-paragraph\">Seg\u00fan el consejero de Empresa y Trabajo, Miquel S\u00e0mper, \u00ablos datos confirman la solidez y el dinamismo de la econom\u00eda catalana, que ha sabido adaptarse a las volatilidades producidas por el auge proteccionista impulsado por Estados Unidos, con un sector exportador que ha abierto nuevos mercados\u00bb.<\/p>\n\n<p class=\"wp-block-paragraph\">As\u00ed, en el per\u00edodo enero-junio las ventas de las empresas catalanas en el exterior han liderado las exportaciones de todo el Estado espa\u00f1ol con el 25,8% del total. Desde un punto de vista sectorial, entre enero y junio destacan las exportaciones de productos qu\u00edmicos (28,3% del total), los bienes de equipo (17,5% del total) y de la alimentaci\u00f3n y bebidas (que supone el 14,3% del total). <\/p>\n\n<p class=\"wp-block-paragraph\">En cuanto a junio, las ventas de las empresas catalanas en el extranjero alcanzaron los 9.287,8 millones de euros, un 2,9 % m\u00e1s que en el mismo periodo del a\u00f1o pasado.<\/p>\n\n<h2 class=\"wp-block-heading\">Impulso a la internacionalizaci\u00f3n<\/h2>\n\n<p class=\"wp-block-paragraph\">El Govern ha impulsado una nueva estrategia de internacionalizaci\u00f3n de la econom\u00eda catalana para el per\u00edodo 2026-2030, con el objetivo de favorecer la adaptaci\u00f3n del tejido empresarial catal\u00e1n al nuevo paradigma de comercio internacional. En este marco se han fijado varios objetivos, entre los que destacan mantener el liderazgo actual en el volumen de exportaciones del Estado, conseguir que 2.000 nuevas empresas catalanas empiecen a exportar, llegando a las 3.500 empresas catalanas con filiales en el exterior. Esta nueva estrategia de internacionalizaci\u00f3n est\u00e1 dise\u00f1ada por ACCI\u00d3, e incluye el programa p\u00fablico-privado Catalunya Exporta, para facilitar que 2.000 empresas catalanas empiecen a exportar.  <\/p>\n","protected":false},"excerpt":{"rendered":"<p>Las ventas de las empresas catalanas en el extranjero han ascendido a 51.795 millones de euros entre enero y junio Las exportaciones catalanas han crecido un 1,3% en t\u00e9rminos interanuales en el primer semestre de 2026 y han alcanzado los 51.795 millones de euros entre enero y junio de 2026. Seg\u00fan el consejero de Empresa [&hellip;]<\/p>\n","protected":false},"author":12,"featured_media":31413,"comment_status":"open","ping_status":"closed","sticky":false,"template":"","format":"standard","meta":{"jnews-multi-image_gallery":[],"jnews_single_post":[],"jnews_primary_category":[],"jnews_social_meta":[],"jnews_override_counter":[],"jnews_post_split":[],"footnotes":""},"categories":[49,51,70,446,1],"tags":[667,3173,3171,450,541,3172,639],"coauthors":[395],"class_list":["post-31414","post","type-post","status-publish","format-standard","has-post-thumbnail","hentry","category-actualidad","category-economia","category-local","category-portada","category-sin-categorizar","tag-catalunya","tag-empresas","tag-exportaciones","tag-generalitat","tag-govern","tag-internacionalizacion","tag-mercado"],"_links":{"self":[{"href":"https:\/\/elcontrapunt.cat\/es\/wp-json\/wp\/v2\/posts\/31414","targetHints":{"allow":["GET"]}}],"collection":[{"href":"https:\/\/elcontrapunt.cat\/es\/wp-json\/wp\/v2\/posts"}],"about":[{"href":"https:\/\/elcontrapunt.cat\/es\/wp-json\/wp\/v2\/types\/post"}],"author":[{"embeddable":true,"href":"https:\/\/elcontrapunt.cat\/es\/wp-json\/wp\/v2\/users\/12"}],"replies":[{"embeddable":true,"href":"https:\/\/elcontrapunt.cat\/es\/wp-json\/wp\/v2\/comments?post=31414"}],"version-history":[{"count":1,"href":"https:\/\/elcontrapunt.cat\/es\/wp-json\/wp\/v2\/posts\/31414\/revisions"}],"predecessor-version":[{"id":31415,"href":"https:\/\/elcontrapunt.cat\/es\/wp-json\/wp\/v2\/posts\/31414\/revisions\/31415"}],"wp:featuredmedia":[{"embeddable":true,"href":"https:\/\/elcontrapunt.cat\/es\/wp-json\/wp\/v2\/media\/31413"}],"wp:attachment":[{"href":"https:\/\/elcontrapunt.cat\/es\/wp-json\/wp\/v2\/media?parent=31414"}],"wp:term":[{"taxonomy":"category","embeddable":true,"href":"https:\/\/elcontrapunt.cat\/es\/wp-json\/wp\/v2\/categories?post=31414"},{"taxonomy":"post_tag","embeddable":true,"href":"https:\/\/elcontrapunt.cat\/es\/wp-json\/wp\/v2\/tags?post=31414"},{"taxonomy":"author","embeddable":true,"href":"https:\/\/elcontrapunt.cat\/es\/wp-json\/wp\/v2\/coauthors?post=31414"}],"curies":[{"name":"wp","href":"https:\/\/api.w.org\/{rel}","templated":true}]}}