{"id":31432,"date":"2026-09-04T08:00:00","date_gmt":"2026-09-04T06:00:00","guid":{"rendered":"https:\/\/elcontrapunt.cat\/?p=31432"},"modified":"2026-09-01T12:16:27","modified_gmt":"2026-09-01T10:16:27","slug":"el-gobierno-invierte-1514-millones-para-reducir-el-impacto-acustico-de-carreteras-y-autopistas","status":"publish","type":"post","link":"https:\/\/elcontrapunt.cat\/es\/el-gobierno-invierte-1514-millones-para-reducir-el-impacto-acustico-de-carreteras-y-autopistas\/","title":{"rendered":"El gobierno invierte 15,14 millones para reducir el impacto ac\u00fastico de carreteras y autopistas"},"content":{"rendered":"\n<p class=\"wp-block-paragraph\"><strong>En el entorno del Hospital de Bellvitge de L\u2019Hospitalet o de la Universitat Aut\u00f2noma de Barcelona<\/strong><\/p>\n\n\n\n<p class=\"wp-block-paragraph\">El Ministerio de Transportes y Movilidad Sostenible ha licitado las obras para reducir el impacto ac\u00fastico en distintos tramos de las autov\u00edas A-2, B-10 y B-30, en la provincia de Barcelona. En total se reserva un presupuesto de 15,14 millones de euros para estas acciones.<\/p>\n\n\n\n<p class=\"wp-block-paragraph\">Los trabajos se desarrollar\u00e1n en la A-2, entre los kil\u00f3metros 592,4 y 595,3; en la B-10, entre los kil\u00f3metros 18 y 19,4; y en la B-30, entre los kil\u00f3metros 4,5 y 9,4.<\/p>\n\n\n\n<p class=\"wp-block-paragraph\">Entre las actuaciones previstas destaca la instalaci\u00f3n de pantallas ac\u00fasticas en la B-10 y la B-30, destinadas a minimizar el ruido en el entorno del Hospital de Bellvitge de L\u2019Hospitalet, en el caso de la B-10, y en el Hospital Asepeyo, la Universitat Aut\u00f2noma de Barcelona y la urbanizaci\u00f3n de Bellaterra en Cerdanyola del Vall\u00e8s, en el caso de la B-30.<\/p>\n\n\n\n<p class=\"wp-block-paragraph\">En la A-2, entre los kil\u00f3metros 592,4 y 595,3, se instalar\u00e1n pantallas en ambos m\u00e1rgenes de la autov\u00eda y se ejecutar\u00e1 pavimento fonoabsorbente.<\/p>\n\n\n\n<p class=\"wp-block-paragraph\">Esta actuaci\u00f3n se enmarca en los Planes de Acci\u00f3n contra el Ruido que el Ministerio est\u00e1 desarrollando en la Red de Carreteras del Estado.<\/p>\n","protected":false},"excerpt":{"rendered":"<p>En el entorno del Hospital de Bellvitge de L\u2019Hospitalet o de la Universitat Aut\u00f2noma de Barcelona El Ministerio de Transportes y Movilidad Sostenible ha licitado las obras para reducir el impacto ac\u00fastico en distintos tramos de las autov\u00edas A-2, B-10 y B-30, en la provincia de Barcelona. En total se reserva un presupuesto de 15,14 [&hellip;]<\/p>\n","protected":false},"author":12,"featured_media":31434,"comment_status":"open","ping_status":"closed","sticky":false,"template":"","format":"standard","meta":{"jnews-multi-image_gallery":[],"jnews_single_post":{"format":"standard"},"jnews_primary_category":[],"jnews_social_meta":[],"jnews_override_counter":[],"jnews_post_split":[],"footnotes":""},"categories":[49,74,70,446,60],"tags":[3191,3190,105,993,848,474,3187,3188],"coauthors":[395],"class_list":["post-31432","post","type-post","status-publish","format-standard","has-post-thumbnail","hentry","category-actualidad","category-area-metropolitana","category-local","category-portada","category-sociedad","tag-asepeyo","tag-bellaterra","tag-carreteras","tag-gobierno","tag-hospital-de-bellvitge","tag-lhospitalet","tag-ruido","tag-universitat-autonoma-de-barcelona"],"_links":{"self":[{"href":"https:\/\/elcontrapunt.cat\/es\/wp-json\/wp\/v2\/posts\/31432","targetHints":{"allow":["GET"]}}],"collection":[{"href":"https:\/\/elcontrapunt.cat\/es\/wp-json\/wp\/v2\/posts"}],"about":[{"href":"https:\/\/elcontrapunt.cat\/es\/wp-json\/wp\/v2\/types\/post"}],"author":[{"embeddable":true,"href":"https:\/\/elcontrapunt.cat\/es\/wp-json\/wp\/v2\/users\/12"}],"replies":[{"embeddable":true,"href":"https:\/\/elcontrapunt.cat\/es\/wp-json\/wp\/v2\/comments?post=31432"}],"version-history":[{"count":1,"href":"https:\/\/elcontrapunt.cat\/es\/wp-json\/wp\/v2\/posts\/31432\/revisions"}],"predecessor-version":[{"id":31433,"href":"https:\/\/elcontrapunt.cat\/es\/wp-json\/wp\/v2\/posts\/31432\/revisions\/31433"}],"wp:featuredmedia":[{"embeddable":true,"href":"https:\/\/elcontrapunt.cat\/es\/wp-json\/wp\/v2\/media\/31434"}],"wp:attachment":[{"href":"https:\/\/elcontrapunt.cat\/es\/wp-json\/wp\/v2\/media?parent=31432"}],"wp:term":[{"taxonomy":"category","embeddable":true,"href":"https:\/\/elcontrapunt.cat\/es\/wp-json\/wp\/v2\/categories?post=31432"},{"taxonomy":"post_tag","embeddable":true,"href":"https:\/\/elcontrapunt.cat\/es\/wp-json\/wp\/v2\/tags?post=31432"},{"taxonomy":"author","embeddable":true,"href":"https:\/\/elcontrapunt.cat\/es\/wp-json\/wp\/v2\/coauthors?post=31432"}],"curies":[{"name":"wp","href":"https:\/\/api.w.org\/{rel}","templated":true}]}}