{"id":31460,"date":"2026-09-01T16:30:00","date_gmt":"2026-09-01T14:30:00","guid":{"rendered":"https:\/\/elcontrapunt.cat\/?p=31460"},"modified":"2026-09-01T16:44:25","modified_gmt":"2026-09-01T14:44:25","slug":"starmer-cierra-su-etapa-en-westminster-y-prepara-una-nueva-vida-politica-fuera-del-parlamento","status":"publish","type":"post","link":"https:\/\/elcontrapunt.cat\/es\/starmer-cierra-su-etapa-en-westminster-y-prepara-una-nueva-vida-politica-fuera-del-parlamento\/","title":{"rendered":"Starmer cierra su etapa en Westminster y prepara una nueva vida pol\u00edtica fuera del Parlamento"},"content":{"rendered":"\n<p class=\"wp-block-paragraph\">Keir Starmer ha decidido abandonar definitivamente la primera l\u00ednea de la pol\u00edtica brit\u00e1nica. El ex primer ministro anunci\u00f3 este martes que <strong>renunciar\u00e1 al esca\u00f1o que ocupa desde 2015 por la circunscripci\u00f3n londinense de Holborn y St Pancras<\/strong>, apenas unas semanas despu\u00e9s de dejar Downing Street y la direcci\u00f3n del Partido Laborista. Su salida activar\u00e1 el procedimiento para celebrar una elecci\u00f3n parcial en uno de los distritos hist\u00f3ricamente m\u00e1s favorables a los laboristas.<\/p>\n\n\n\n<p class=\"wp-block-paragraph\">La decisi\u00f3n supone un cambio respecto de la posici\u00f3n que Starmer hab\u00eda mantenido inmediatamente despu\u00e9s de abandonar el Gobierno. Entonces hab\u00eda indicado que permanecer\u00eda como diputado hasta las pr\u00f3ximas elecciones generales. Ahora sostiene que, tras reflexionar durante el verano, ha llegado el momento de entregar el esca\u00f1o a un sucesor y dedicar su actividad a <strong>los asuntos internacionales, especialmente defensa, seguridad, comercio y tecnolog\u00eda<\/strong>.<\/p>\n\n\n\n<p class=\"wp-block-paragraph\">Su retirada parlamentaria pone punto final a <strong>once a\u00f1os de presencia en Westminster<\/strong>. Starmer lleg\u00f3 a la C\u00e1mara de los Comunes en 2015, despu\u00e9s de desarrollar una extensa carrera como abogado especializado en derechos humanos y como director de la Fiscal\u00eda P\u00fablica de Inglaterra y Gales. En 2020 asumi\u00f3 el liderazgo laborista y cuatro a\u00f1os despu\u00e9s condujo al partido a una victoria aplastante en las elecciones generales, poniendo fin a catorce a\u00f1os de gobiernos conservadores.<\/p>\n\n\n\n<p class=\"wp-block-paragraph\">El desenlace de su mandato fue, sin embargo, mucho menos favorable. La p\u00e9rdida progresiva de apoyo electoral y las tensiones internas dentro del Partido Laborista terminaron precipitando su dimisi\u00f3n como primer ministro en junio. <strong>Andy Burnham asumi\u00f3 posteriormente el Gobierno<\/strong>, convirti\u00e9ndose en el s\u00e9ptimo jefe del Ejecutivo brit\u00e1nico en una d\u00e9cada.<\/p>\n\n\n\n<p class=\"wp-block-paragraph\">La renuncia de Starmer tendr\u00e1 ahora una consecuencia institucional concreta: Holborn y St Pancras deber\u00e1 elegir a un nuevo representante mediante una elecci\u00f3n parcial. Aunque el distrito sigue siendo considerado un basti\u00f3n laborista, el resultado de los comicios de 2024 mostr\u00f3 una mayor fragmentaci\u00f3n. Starmer obtuvo entonces <strong>18.884 votos, el 48,9%<\/strong>, mientras el independiente Andrew Feinstein consigui\u00f3 el 18,9% y el candidato del Partido Verde, el 10,4%. La mayor\u00eda laborista fue de 11.572 votos.<\/p>\n\n\n\n<p class=\"wp-block-paragraph\">El escenario abre una oportunidad para formaciones situadas a la izquierda del laborismo. El l\u00edder del Partido Verde, <strong>Zack Polanski<\/strong>, ha mostrado inter\u00e9s en competir por el esca\u00f1o, mientras la elecci\u00f3n podr\u00eda convertirse tambi\u00e9n en una primera prueba relevante para el Gobierno de Burnham.<\/p>\n\n\n\n<p class=\"wp-block-paragraph\">Desde una perspectiva institucional, la salida de Starmer tiene un significado mayor que una simple renuncia parlamentaria. <strong>El dirigente que lleg\u00f3 al poder respaldado por una de las mayores mayor\u00edas de la historia reciente brit\u00e1nica abandona ahora Westminster poco m\u00e1s de dos a\u00f1os despu\u00e9s de aquella victoria.<\/strong> Su futuro queda orientado hacia el \u00e1mbito internacional, mientras el Partido Laborista debe consolidar un nuevo ciclo pol\u00edtico bajo Burnham y afrontar una elecci\u00f3n parcial que, aunque limitada territorialmente, puede convertirse en un term\u00f3metro de la nueva correlaci\u00f3n de fuerzas en el Reino Unido.<\/p>\n","protected":false},"excerpt":{"rendered":"<p>Keir Starmer ha decidido abandonar definitivamente la primera l\u00ednea de la pol\u00edtica brit\u00e1nica. El ex primer ministro anunci\u00f3 este martes que renunciar\u00e1 al esca\u00f1o que ocupa desde 2015 por la circunscripci\u00f3n londinense de Holborn y St Pancras, apenas unas semanas despu\u00e9s de dejar Downing Street y la direcci\u00f3n del Partido Laborista. Su salida activar\u00e1 el [&hellip;]<\/p>\n","protected":false},"author":2,"featured_media":31461,"comment_status":"open","ping_status":"closed","sticky":false,"template":"","format":"standard","meta":{"jnews-multi-image_gallery":[],"jnews_single_post":{"format":"standard"},"jnews_primary_category":[],"jnews_social_meta":[],"jnews_override_counter":[],"jnews_post_split":[],"footnotes":""},"categories":[49,53],"tags":[3214,3213,2986],"coauthors":[96],"class_list":["post-31460","post","type-post","status-publish","format-standard","has-post-thumbnail","hentry","category-actualidad","category-internacional","tag-parlamento","tag-starmer","tag-westminster"],"_links":{"self":[{"href":"https:\/\/elcontrapunt.cat\/es\/wp-json\/wp\/v2\/posts\/31460","targetHints":{"allow":["GET"]}}],"collection":[{"href":"https:\/\/elcontrapunt.cat\/es\/wp-json\/wp\/v2\/posts"}],"about":[{"href":"https:\/\/elcontrapunt.cat\/es\/wp-json\/wp\/v2\/types\/post"}],"author":[{"embeddable":true,"href":"https:\/\/elcontrapunt.cat\/es\/wp-json\/wp\/v2\/users\/2"}],"replies":[{"embeddable":true,"href":"https:\/\/elcontrapunt.cat\/es\/wp-json\/wp\/v2\/comments?post=31460"}],"version-history":[{"count":1,"href":"https:\/\/elcontrapunt.cat\/es\/wp-json\/wp\/v2\/posts\/31460\/revisions"}],"predecessor-version":[{"id":31469,"href":"https:\/\/elcontrapunt.cat\/es\/wp-json\/wp\/v2\/posts\/31460\/revisions\/31469"}],"wp:featuredmedia":[{"embeddable":true,"href":"https:\/\/elcontrapunt.cat\/es\/wp-json\/wp\/v2\/media\/31461"}],"wp:attachment":[{"href":"https:\/\/elcontrapunt.cat\/es\/wp-json\/wp\/v2\/media?parent=31460"}],"wp:term":[{"taxonomy":"category","embeddable":true,"href":"https:\/\/elcontrapunt.cat\/es\/wp-json\/wp\/v2\/categories?post=31460"},{"taxonomy":"post_tag","embeddable":true,"href":"https:\/\/elcontrapunt.cat\/es\/wp-json\/wp\/v2\/tags?post=31460"},{"taxonomy":"author","embeddable":true,"href":"https:\/\/elcontrapunt.cat\/es\/wp-json\/wp\/v2\/coauthors?post=31460"}],"curies":[{"name":"wp","href":"https:\/\/api.w.org\/{rel}","templated":true}]}}