{"id":31467,"date":"2026-09-02T08:00:00","date_gmt":"2026-09-02T06:00:00","guid":{"rendered":"https:\/\/elcontrapunt.cat\/?p=31467"},"modified":"2026-09-01T16:42:27","modified_gmt":"2026-09-01T14:42:27","slug":"mas-de-9-000-alumnos-se-examinan-de-las-pruebas-de-acceso-a-la-universidad","status":"publish","type":"post","link":"https:\/\/elcontrapunt.cat\/es\/mas-de-9-000-alumnos-se-examinan-de-las-pruebas-de-acceso-a-la-universidad\/","title":{"rendered":"M\u00e1s de 9.000 alumnos se examinan de las pruebas de acceso a la universidad"},"content":{"rendered":"\n<p class=\"has-medium-font-size wp-block-paragraph\"><strong>Son 770 m\u00e1s que el pasado a\u00f1o<\/strong><\/p>\n\n<p class=\"wp-block-paragraph\">Un total de 9.004 estudiantes se han matriculado de la prueba de acceso a la universidad (PAU) en la convocatoria extraordinaria de septiembre, que tiene lugar desde hoy mi\u00e9rcoles y viernes. Los alumnos inscritos se distribuyen entre los 22 tribunales repartidos con 4.860 estudiantes en Barcelona en 12 tribunales, 1.860 estudiantes en Bellaterra en cuatro tribunales, 765 estudiantes en Girona, 971 en Tarragona y 548 estudiantes en Lleida, repartidos en dos tribunales en cada una de estas ciudades. <\/p>\n\n<p class=\"wp-block-paragraph\">La cifra de matriculados en la PAU de septiembre de este a\u00f1o representa un incremento de 770 estudiantes respecto a los 8.234 que realizaron las pruebas de 2025.<\/p>\n\n<p class=\"wp-block-paragraph\">El incremento de matr\u00edculas en la convocatoria de septiembre tambi\u00e9n se produce en la convocatoria ordinaria de las PAU, que en junio de 2026 comport\u00f3 un a\u00f1o m\u00e1s un r\u00e9cord en la cifra de estudiantes matriculados (45.743 en 2026, 44.388 en 2025; 42.535 en 2027; 44; en 2022).<\/p>\n\n<p class=\"wp-block-paragraph\">De los 9.004 estudiantes, 7.659 son estudiantes de Bachillerato y 1.345 de Ciclos Formativos de Grado Superior. De los estudiantes de bachillerato, un total de 3.472 realizan la fase de acceso de las pruebas y alguno de los ex\u00e1menes de la fase de admisi\u00f3n, y 4.187 se examinan tan s\u00f3lo de materias de la fase de admisi\u00f3n. <\/p>\n\n<p class=\"wp-block-paragraph\">Los estudiantes podr\u00e1n consultar el resultado de las pruebas a partir del 16 de septiembre en el Portal de acceso a la universidad. En el momento de la consulta de los resultados, podr\u00e1n descargarse el documento personal acreditativo de sus calificaciones. <\/p>\n\n<p class=\"wp-block-paragraph\">La convocatoria extraordinaria de la PAU de este a\u00f1o es la \u00faltima que se organiza en septiembre, ya que a partir de 2027 tendr\u00e1 lugar en el mes de julio.<\/p>\n","protected":false},"excerpt":{"rendered":"<p>Son 770 m\u00e1s que el pasado a\u00f1o Un total de 9.004 estudiantes se han matriculado de la prueba de acceso a la universidad (PAU) en la convocatoria extraordinaria de septiembre, que tiene lugar desde hoy mi\u00e9rcoles y viernes. Los alumnos inscritos se distribuyen entre los 22 tribunales repartidos con 4.860 estudiantes en Barcelona en 12 [&hellip;]<\/p>\n","protected":false},"author":12,"featured_media":31465,"comment_status":"open","ping_status":"closed","sticky":false,"template":"","format":"standard","meta":{"jnews-multi-image_gallery":[],"jnews_single_post":[],"jnews_primary_category":[],"jnews_social_meta":[],"jnews_override_counter":[],"jnews_post_split":[],"footnotes":""},"categories":[49,70,446,1,60],"tags":[3212,768,1596,3111],"coauthors":[395],"class_list":["post-31467","post","type-post","status-publish","format-standard","has-post-thumbnail","hentry","category-actualidad","category-local","category-portada","category-sin-categorizar","category-sociedad","tag-acceso","tag-paz","tag-selectividad","tag-universidad"],"_links":{"self":[{"href":"https:\/\/elcontrapunt.cat\/es\/wp-json\/wp\/v2\/posts\/31467","targetHints":{"allow":["GET"]}}],"collection":[{"href":"https:\/\/elcontrapunt.cat\/es\/wp-json\/wp\/v2\/posts"}],"about":[{"href":"https:\/\/elcontrapunt.cat\/es\/wp-json\/wp\/v2\/types\/post"}],"author":[{"embeddable":true,"href":"https:\/\/elcontrapunt.cat\/es\/wp-json\/wp\/v2\/users\/12"}],"replies":[{"embeddable":true,"href":"https:\/\/elcontrapunt.cat\/es\/wp-json\/wp\/v2\/comments?post=31467"}],"version-history":[{"count":1,"href":"https:\/\/elcontrapunt.cat\/es\/wp-json\/wp\/v2\/posts\/31467\/revisions"}],"predecessor-version":[{"id":31468,"href":"https:\/\/elcontrapunt.cat\/es\/wp-json\/wp\/v2\/posts\/31467\/revisions\/31468"}],"wp:featuredmedia":[{"embeddable":true,"href":"https:\/\/elcontrapunt.cat\/es\/wp-json\/wp\/v2\/media\/31465"}],"wp:attachment":[{"href":"https:\/\/elcontrapunt.cat\/es\/wp-json\/wp\/v2\/media?parent=31467"}],"wp:term":[{"taxonomy":"category","embeddable":true,"href":"https:\/\/elcontrapunt.cat\/es\/wp-json\/wp\/v2\/categories?post=31467"},{"taxonomy":"post_tag","embeddable":true,"href":"https:\/\/elcontrapunt.cat\/es\/wp-json\/wp\/v2\/tags?post=31467"},{"taxonomy":"author","embeddable":true,"href":"https:\/\/elcontrapunt.cat\/es\/wp-json\/wp\/v2\/coauthors?post=31467"}],"curies":[{"name":"wp","href":"https:\/\/api.w.org\/{rel}","templated":true}]}}