{"id":31477,"date":"2026-09-05T08:00:00","date_gmt":"2026-09-05T06:00:00","guid":{"rendered":"https:\/\/elcontrapunt.cat\/?p=31477"},"modified":"2026-09-04T09:15:37","modified_gmt":"2026-09-04T07:15:37","slug":"el-govern-reivindica-el-espiritu-de-unidad-dentro-de-la-diversidad-por-la-diada","status":"publish","type":"post","link":"https:\/\/elcontrapunt.cat\/es\/el-govern-reivindica-el-espiritu-de-unidad-dentro-de-la-diversidad-por-la-diada\/","title":{"rendered":"El Govern reivindica el esp\u00edritu \u00abde unidad dentro de la diversidad\u00bb por la Diada"},"content":{"rendered":"\n<p class=\"has-medium-font-size wp-block-paragraph\"><strong>La celebraci\u00f3n se ampliar\u00e1 a Extremadura para poner de relieve la \u00abcapacidad de integraci\u00f3n\u00bb<\/strong><\/p>\n\n<p class=\"wp-block-paragraph\">El Govern de la Generalitat apela al esp\u00edritu \u00abde unidad dentro de la diversidad\u00bb de la manifestaci\u00f3n de 1976 en Sant Boi, la primera gran movilizaci\u00f3n por la Diada despu\u00e9s del franquismo que este a\u00f1o cumple 50 a\u00f1os. El presidente de la Generalitat, Salvador Illa, tambi\u00e9n celebrar\u00e1 la Diada en Extremadura para poner de relieve \u00abla capacidad de integraci\u00f3n\u00bb en referencia a los extreme\u00f1os que fueron a vivir a Catalunya en los a\u00f1os 60 y 70. El cartel de la Diada de este a\u00f1o, firmado por el creador visual Javier Ja\u00e9n, representa \u00abel origen de la senyera a trav\u00e9s de centenares de huellas dactilares \u00abte\u00f1idas de la sangre de Guifr\u00e9 el Pil\u00f3s\u00bb.  <\/p>\n\n<p class=\"wp-block-paragraph\">Durante la presentaci\u00f3n de los actos, la portavoz del Govern, S\u00edlvia Paneque, ha explicado que este a\u00f1o \u00abse ha marcado como hilo conductor la unidad de acci\u00f3n de la sociedad catalana como fuerza fundamental para hacer avanzar al pa\u00eds\u00bb. Un argumento que Paneque ha apuntado se inicia hace 50 a\u00f1os con la celebraci\u00f3n de la primera Diada despu\u00e9s de 40 a\u00f1os de franquismo. \u00abEl Gobierno quiere recuperar la fuerza y \u200b\u200bel esp\u00edritu de ese momento, con nuestro presente y la proyecci\u00f3n que queremos hacia el futuro\u00bb, ha remachado la portavoz.  <\/p>\n\n<p class=\"wp-block-paragraph\">El programa de actos institucionales se iniciar\u00e1 el d\u00eda 6 de septiembre y se alargar\u00e1 hasta el d\u00eda 17. Se llevar\u00e1n a cabo actividades en todo el pa\u00eds pero tambi\u00e9n en los pa\u00edses donde la Generalitat tiene abiertas delegaciones. Por primera vez, la Diada se celebrar\u00e1 en Extremadura.  <\/p>\n\n<p class=\"wp-block-paragraph\">El presidente de la Generalitat, Salvador Illa, har\u00e1 el mensaje institucional el d\u00eda 10 de septiembre y al d\u00eda siguiente estar\u00e1 el acto central de la Diada, que nuevamente tendr\u00e1 lugar en el Teatre Nacional de Catalunya (TNC). La efem\u00e9ride de los 50 a\u00f1os de la primera Diada despu\u00e9s de 40 a\u00f1os de franquismo ser\u00e1 la base del relato del acto institucional. La m\u00fasica tendr\u00e1 tambi\u00e9n un destacado protagonismo. Actuar\u00e1n la bailarina Lorena Nogal, Joan Daus\u00e0, Sopa de Cabra, Alosa, Andrea Motis, Na\u00efm Smaili, Monique, Xarim Arest\u00e9, Mar\u00eda Call\u00eds, Pepa Plana, Guillem Roma, Rauxa C\u00eda, Jordi Corominas, Encantades, Colla Sardanista Mare Nostrum de Barcelona, \u200b\u200bCobla Llu\u00efsos de Taradell, Cor de Teatre y la Coral Renaixen\u00e7a.   <\/p>\n","protected":false},"excerpt":{"rendered":"<p>La celebraci\u00f3n se ampliar\u00e1 a Extremadura para poner de relieve la \u00abcapacidad de integraci\u00f3n\u00bb El Govern de la Generalitat apela al esp\u00edritu \u00abde unidad dentro de la diversidad\u00bb de la manifestaci\u00f3n de 1976 en Sant Boi, la primera gran movilizaci\u00f3n por la Diada despu\u00e9s del franquismo que este a\u00f1o cumple 50 a\u00f1os. El presidente de [&hellip;]<\/p>\n","protected":false},"author":12,"featured_media":31476,"comment_status":"open","ping_status":"closed","sticky":false,"template":"","format":"standard","meta":{"jnews-multi-image_gallery":[],"jnews_single_post":[],"jnews_primary_category":[],"jnews_social_meta":[],"jnews_override_counter":[],"jnews_post_split":[],"footnotes":""},"categories":[49,58,446,60],"tags":[667,3221,3223,3222,3224,1369],"coauthors":[395],"class_list":["post-31477","post","type-post","status-publish","format-standard","has-post-thumbnail","hentry","category-actualidad","category-politica","category-portada","category-sociedad","tag-catalunya","tag-diada","tag-guifre-el-pilos","tag-javier-jaen","tag-sant-boi-de-llobregat","tag-silvia-paneque"],"_links":{"self":[{"href":"https:\/\/elcontrapunt.cat\/es\/wp-json\/wp\/v2\/posts\/31477","targetHints":{"allow":["GET"]}}],"collection":[{"href":"https:\/\/elcontrapunt.cat\/es\/wp-json\/wp\/v2\/posts"}],"about":[{"href":"https:\/\/elcontrapunt.cat\/es\/wp-json\/wp\/v2\/types\/post"}],"author":[{"embeddable":true,"href":"https:\/\/elcontrapunt.cat\/es\/wp-json\/wp\/v2\/users\/12"}],"replies":[{"embeddable":true,"href":"https:\/\/elcontrapunt.cat\/es\/wp-json\/wp\/v2\/comments?post=31477"}],"version-history":[{"count":1,"href":"https:\/\/elcontrapunt.cat\/es\/wp-json\/wp\/v2\/posts\/31477\/revisions"}],"predecessor-version":[{"id":31478,"href":"https:\/\/elcontrapunt.cat\/es\/wp-json\/wp\/v2\/posts\/31477\/revisions\/31478"}],"wp:featuredmedia":[{"embeddable":true,"href":"https:\/\/elcontrapunt.cat\/es\/wp-json\/wp\/v2\/media\/31476"}],"wp:attachment":[{"href":"https:\/\/elcontrapunt.cat\/es\/wp-json\/wp\/v2\/media?parent=31477"}],"wp:term":[{"taxonomy":"category","embeddable":true,"href":"https:\/\/elcontrapunt.cat\/es\/wp-json\/wp\/v2\/categories?post=31477"},{"taxonomy":"post_tag","embeddable":true,"href":"https:\/\/elcontrapunt.cat\/es\/wp-json\/wp\/v2\/tags?post=31477"},{"taxonomy":"author","embeddable":true,"href":"https:\/\/elcontrapunt.cat\/es\/wp-json\/wp\/v2\/coauthors?post=31477"}],"curies":[{"name":"wp","href":"https:\/\/api.w.org\/{rel}","templated":true}]}}