{"id":31504,"date":"2026-09-06T20:00:00","date_gmt":"2026-09-06T18:00:00","guid":{"rendered":"https:\/\/elcontrapunt.cat\/?p=31504"},"modified":"2026-09-02T11:20:09","modified_gmt":"2026-09-02T09:20:09","slug":"este-ha-sido-el-verano-mas-calido-medido-en-cataluna","status":"publish","type":"post","link":"https:\/\/elcontrapunt.cat\/es\/este-ha-sido-el-verano-mas-calido-medido-en-cataluna\/","title":{"rendered":"\u00c9ste ha sido el verano m\u00e1s c\u00e1lido medido en Catalu\u00f1a"},"content":{"rendered":"\n<p class=\"wp-block-paragraph\"><strong>Barcelona ha registrado 59 noches t\u00f3rridas<\/strong><\/p>\n\n<p class=\"wp-block-paragraph\">El de este a\u00f1o ha sido el verano m\u00e1s c\u00e1lido medido en Catalu\u00f1a, con una anomal\u00eda superior a los tres grados respecto al per\u00edodo 1991-2020 a un 80% del territorio. Las estaciones del Meteocat registraron 20 d\u00edas en los que se superaron los 40\u00baC entre junio y agosto, una cota nunca alcanzada antes, y sobrepasando el r\u00e9cord de 16 del a\u00f1o pasado. <\/p>\n\n<p class=\"wp-block-paragraph\">Adem\u00e1s, el centro de Barcelona ha vivido 59 noches t\u00f3rridas, un valor tambi\u00e9n in\u00e9dito hasta ahora, con datos del punto de medida de Can Bruixa. Los meses de verano dejan el segundo d\u00eda con picos de temperatura m\u00e1s altos desde que existen registros, con los 44,1\u00baC de Vinebre del 8 de julio. Asimismo, los 32,5\u00baC en Portbou de la madrugada de ese mismo d\u00eda establecen la nueva m\u00ednima m\u00e1s alta jam\u00e1s observada.  <\/p>\n\n<h2 class=\"wp-block-heading\"><strong>Los datos analizados<\/strong><\/h2>\n\n<p class=\"wp-block-paragraph\">La excepcionalidad del verano de 2026 queda reflejada tanto en la mayor\u00eda de las estaciones meteorol\u00f3gicas autom\u00e1ticas (con m\u00e1s de 20 a\u00f1os de datos) como en una veintena de series clim\u00e1ticas hist\u00f3ricas de Catalu\u00f1a (m\u00e1s de 75 a\u00f1os de datos), incluidas las series centenarias del Observatorio Fabra de Barcelona y del Observatorio de. Todas ellas han registrado el verano m\u00e1s c\u00e1lido de su serie y este resultado muestra que el r\u00e9cord de temperatura no responde al comportamiento excepcional de un sector concreto, sino que se ha producido de forma generalizada en el conjunto del territorio. <\/p>\n\n<p class=\"wp-block-paragraph\">Seg\u00fan datos de las estaciones de la XEMA, las anomal\u00edas de temperatura m\u00e1s elevadas, de entre +4,0 \u00b0C y +4,5 \u00b0C, se han localizado en el Pirineo Occidental, en la llanura de Vic y en puntos del interior.<\/p>\n\n<h2 class=\"wp-block-heading\"><strong>Verano seco con excepciones<\/strong><\/h2>\n\n<p class=\"wp-block-paragraph\">En cuanto a la precipitaci\u00f3n, el verano ha sido seco o muy seco en buena parte del territorio. En algunos sectores, como el Segri\u00e0, el Montsi\u00e0, el Baix Ebre y el Pla d&#8217;Urgell, la precipitaci\u00f3n acumulada ha sido inferior a los 10 mm. <\/p>\n\n<p class=\"wp-block-paragraph\">\u00abEstos datos son importantes para remarcar que en algunos sectores de Ponent y del valle del Ebro apenas ha llovido en todo el verano. A pesar de que habitualmente son las zonas del pa\u00eds con un verano m\u00e1s seco, una ausencia casi total de lluvia es excepcional\u00bb, explica Aleix Serra, jefe del equipo de control de calidad de datos.<\/p>\n\n<p class=\"wp-block-paragraph\">Sin embargo, el comportamiento pluviom\u00e9trico ha sido desigual. El Camp de Tarragona es la excepci\u00f3n m\u00e1s destacada, ya que principalmente dos episodios de intensa precipitaci\u00f3n del mes de agosto han hecho que localmente las acumulaciones superen el 200% de la media clim\u00e1tica de verano. En las estaciones de El Vendrell (Baix Pened\u00e8s) y Torredembarra (Tarragon\u00e8s) ha sido el verano m\u00e1s lluvioso de sus 25 y 26 a\u00f1os respectivamente, debido a las trombas de agua los d\u00edas 22 y 24 de agosto.  <\/p>\n\n<h2 class=\"wp-block-heading\"><strong>Julio, el mes m\u00e1s caluroso<\/strong><\/h2>\n\n<p class=\"wp-block-paragraph\">Por lo que respecta al desglose mensual, los tres meses del verano (junio, julio y agosto) han sido muy c\u00e1lidos. Junio \u200b\u200bfue uno de los tres m\u00e1s c\u00e1lidos medidos en Catalunya, pero sobre todo destaca julio, que ha sido el m\u00e1s c\u00e1lido desde su registro, con anomal\u00edas de temperatura que han superado los +5 \u00b0C respecto al valor clim\u00e1tico mensual. Agosto tambi\u00e9n ha sido uno de los m\u00e1s c\u00e1lidos, s\u00f3lo comparable con el de 2003.  <\/p>\n\n<p class=\"wp-block-paragraph\">Los episodios de calor m\u00e1s destacados del verano han sido la ola de calor del 21 al 24 de junio, una segunda ola del 6 al 9 de julio y varios episodios de calor entre el 12 y el 24 de julio, del 28 al 31 de julio y del 12 al 21 de agosto. El excepcional comportamiento t\u00e9rmico tambi\u00e9n se ha observado en la temperatura registrada por el radiosondeo al nivel de 850 hPa (unos 1500 m de altura) donde la temperatura media del verano ha sido de 19,8 \u00b0C, la m\u00e1s elevada de los 30 a\u00f1os de datos disponibles. Tambi\u00e9n ha sido excepcional la temperatura del agua superficial del agua del mar: en l&#8217;Estartit, la temperatura del agua ha superado los 22 \u00b0C desde finales de junio y ha alcanzado una m\u00e1xima de 27,8 \u00b0C el 13 de agosto, valor r\u00e9cord absoluto de la serie iniciada en 1974.  <\/p>\n","protected":false},"excerpt":{"rendered":"<p>Barcelona ha registrado 59 noches t\u00f3rridas El de este a\u00f1o ha sido el verano m\u00e1s c\u00e1lido medido en Catalu\u00f1a, con una anomal\u00eda superior a los tres grados respecto al per\u00edodo 1991-2020 a un 80% del territorio. Las estaciones del Meteocat registraron 20 d\u00edas en los que se superaron los 40\u00baC entre junio y agosto, una [&hellip;]<\/p>\n","protected":false},"author":12,"featured_media":31503,"comment_status":"open","ping_status":"closed","sticky":false,"template":"","format":"standard","meta":{"jnews-multi-image_gallery":[],"jnews_single_post":[],"jnews_primary_category":[],"jnews_social_meta":[],"jnews_override_counter":[],"jnews_post_split":[],"footnotes":""},"categories":[49,70,446,1,60],"tags":[1252,667,3026,2245],"coauthors":[395],"class_list":["post-31504","post","type-post","status-publish","format-standard","has-post-thumbnail","hentry","category-actualidad","category-local","category-portada","category-sin-categorizar","category-sociedad","tag-calor","tag-catalunya","tag-noches-torridas","tag-verano"],"_links":{"self":[{"href":"https:\/\/elcontrapunt.cat\/es\/wp-json\/wp\/v2\/posts\/31504","targetHints":{"allow":["GET"]}}],"collection":[{"href":"https:\/\/elcontrapunt.cat\/es\/wp-json\/wp\/v2\/posts"}],"about":[{"href":"https:\/\/elcontrapunt.cat\/es\/wp-json\/wp\/v2\/types\/post"}],"author":[{"embeddable":true,"href":"https:\/\/elcontrapunt.cat\/es\/wp-json\/wp\/v2\/users\/12"}],"replies":[{"embeddable":true,"href":"https:\/\/elcontrapunt.cat\/es\/wp-json\/wp\/v2\/comments?post=31504"}],"version-history":[{"count":1,"href":"https:\/\/elcontrapunt.cat\/es\/wp-json\/wp\/v2\/posts\/31504\/revisions"}],"predecessor-version":[{"id":31505,"href":"https:\/\/elcontrapunt.cat\/es\/wp-json\/wp\/v2\/posts\/31504\/revisions\/31505"}],"wp:featuredmedia":[{"embeddable":true,"href":"https:\/\/elcontrapunt.cat\/es\/wp-json\/wp\/v2\/media\/31503"}],"wp:attachment":[{"href":"https:\/\/elcontrapunt.cat\/es\/wp-json\/wp\/v2\/media?parent=31504"}],"wp:term":[{"taxonomy":"category","embeddable":true,"href":"https:\/\/elcontrapunt.cat\/es\/wp-json\/wp\/v2\/categories?post=31504"},{"taxonomy":"post_tag","embeddable":true,"href":"https:\/\/elcontrapunt.cat\/es\/wp-json\/wp\/v2\/tags?post=31504"},{"taxonomy":"author","embeddable":true,"href":"https:\/\/elcontrapunt.cat\/es\/wp-json\/wp\/v2\/coauthors?post=31504"}],"curies":[{"name":"wp","href":"https:\/\/api.w.org\/{rel}","templated":true}]}}