{"id":31516,"date":"2026-09-03T14:00:00","date_gmt":"2026-09-03T12:00:00","guid":{"rendered":"https:\/\/elcontrapunt.cat\/?p=31516"},"modified":"2026-09-02T13:05:40","modified_gmt":"2026-09-02T11:05:40","slug":"el-cirque-du-soleil-estreno-kurios-su-ultimo-montaje-en-lhospitalet","status":"publish","type":"post","link":"https:\/\/elcontrapunt.cat\/es\/el-cirque-du-soleil-estreno-kurios-su-ultimo-montaje-en-lhospitalet\/","title":{"rendered":"El Cirque du Soleil estreno &#8216;Kurios&#8217;, su \u00faltimo montaje en L&#8217;Hospitalet"},"content":{"rendered":"\n<p class=\"has-medium-font-size wp-block-paragraph\"><strong>El espect\u00e1culo de la compa\u00f1\u00eda quebequesa puede verse hasta el 18 de octubre<\/strong><\/p>\n\n<p class=\"wp-block-paragraph\">El Cirque du Soleil estrena hoy jueves su montaje &#8216;Kurios&#8217;, el \u00faltimo espect\u00e1culo que la compa\u00f1\u00eda quebequesa representar\u00e1 en Hospitalet. La compa\u00f1\u00eda se instal\u00f3 en la ciudad hace 8 a\u00f1os y busca nuevo emplazamiento despu\u00e9s de que el Ayuntamiento de L&#8217;Hospitalet haya decidido recuperar los 19.000 metros que hasta ahora ocupaba en el barrio de Bellvitge. El consistorio quiere destinar esa superficie a equipamientos p\u00fablicos y zonas verdes.  <\/p>\n\n<p class=\"wp-block-paragraph\">As\u00ed pues, la compa\u00f1\u00eda se despedir\u00e1 de la ciudad con su &#8216;Gabinete de curiosidades&#8217;, el espacio maravilloso en el que se basa la producci\u00f3n &#8216;Kurios&#8217;. Hasta el 18 de octubre, la compa\u00f1\u00eda canadiense convertir\u00e1 su gran carpa en un espacio de \u00abretrofuturo\u00bb lleno de cientos de peque\u00f1os objetos envueltos por espect\u00e1culos que desaf\u00edan la gravedad. <\/p>\n\n<p class=\"wp-block-paragraph\">La carpa del Distrito Cultural de L&#8217;Hospitalet tiene capacidad para 2.500 personas, una estructura que mide 19 metros de altura y 52 de di\u00e1metro que se sostiene sobre cuatro palos de 25 metros y que est\u00e1 anclada al suelo con 1.200 estacas.<\/p>\n\n<p class=\"wp-block-paragraph\">Medio centenar de artistas de 34 pa\u00edses dar\u00e1n forma a este universo con m\u00e1s de una decena de shows. Una mano mec\u00e1nica gigante y bicicletas a\u00e9reas son algunos de los elementos extravagantes que acompa\u00f1an a acr\u00f3batas, contorsionistas y clowns. <\/p>\n\n<p class=\"wp-block-paragraph\">Cuatro antenas de principios del siglo XX presiden el escenario, decoradas con m\u00e1s de 450 objetos y detalles de atrezzo, cifra r\u00e9cord en los espect\u00e1culos de la compa\u00f1\u00eda. El viaje industrial lo capitanea un cient\u00edfico que abre su almac\u00e9n de curiosidades por hacer aflorar las ideas m\u00e1s locas y los sue\u00f1os m\u00e1s grandiosos, seg\u00fan sus creadores. <\/p>\n\n<p class=\"wp-block-paragraph\">El montaje esconde curiosidades, como una bola gigante que se tard\u00f3 250 horas en construir, y una mano mec\u00e1nica gigante que pesa 340 kilos y mide 4,5 x 2 metros. Por lo que respecta al maquillaje, todos los artistas se ocupan de su propia transformaci\u00f3n, con procesos que pueden tardar hasta dos horas. <\/p>\n\n<p class=\"wp-block-paragraph\">&#8216;Kurios&#8217; acumula, seg\u00fan los datos de la compa\u00f1\u00eda, m\u00e1s de seis millones de espectadores, 3.500 representaciones y actuaciones en m\u00e1s de 45 ciudades desde su estreno hace doce a\u00f1os. La capital catalana es la quinta parada de la gira espa\u00f1ola de 2026. <\/p>\n","protected":false},"excerpt":{"rendered":"<p>El espect\u00e1culo de la compa\u00f1\u00eda quebequesa puede verse hasta el 18 de octubre El Cirque du Soleil estrena hoy jueves su montaje &#8216;Kurios&#8217;, el \u00faltimo espect\u00e1culo que la compa\u00f1\u00eda quebequesa representar\u00e1 en Hospitalet. La compa\u00f1\u00eda se instal\u00f3 en la ciudad hace 8 a\u00f1os y busca nuevo emplazamiento despu\u00e9s de que el Ayuntamiento de L&#8217;Hospitalet haya [&hellip;]<\/p>\n","protected":false},"author":12,"featured_media":31515,"comment_status":"open","ping_status":"closed","sticky":false,"template":"","format":"standard","meta":{"jnews-multi-image_gallery":[],"jnews_single_post":[],"jnews_primary_category":[],"jnews_social_meta":[],"jnews_override_counter":[],"jnews_post_split":[],"footnotes":""},"categories":[49,74,62,70,66,446,1,60],"tags":[456,3243,3244,469,3248],"coauthors":[395],"class_list":["post-31516","post","type-post","status-publish","format-standard","has-post-thumbnail","hentry","category-actualidad","category-area-metropolitana","category-cultura","category-local","category-noticias-de-cultura","category-portada","category-sin-categorizar","category-sociedad","tag-bellvitge","tag-cirque-du-soleil","tag-kurios","tag-lhospitalet","tag-montaje"],"_links":{"self":[{"href":"https:\/\/elcontrapunt.cat\/es\/wp-json\/wp\/v2\/posts\/31516","targetHints":{"allow":["GET"]}}],"collection":[{"href":"https:\/\/elcontrapunt.cat\/es\/wp-json\/wp\/v2\/posts"}],"about":[{"href":"https:\/\/elcontrapunt.cat\/es\/wp-json\/wp\/v2\/types\/post"}],"author":[{"embeddable":true,"href":"https:\/\/elcontrapunt.cat\/es\/wp-json\/wp\/v2\/users\/12"}],"replies":[{"embeddable":true,"href":"https:\/\/elcontrapunt.cat\/es\/wp-json\/wp\/v2\/comments?post=31516"}],"version-history":[{"count":1,"href":"https:\/\/elcontrapunt.cat\/es\/wp-json\/wp\/v2\/posts\/31516\/revisions"}],"predecessor-version":[{"id":31517,"href":"https:\/\/elcontrapunt.cat\/es\/wp-json\/wp\/v2\/posts\/31516\/revisions\/31517"}],"wp:featuredmedia":[{"embeddable":true,"href":"https:\/\/elcontrapunt.cat\/es\/wp-json\/wp\/v2\/media\/31515"}],"wp:attachment":[{"href":"https:\/\/elcontrapunt.cat\/es\/wp-json\/wp\/v2\/media?parent=31516"}],"wp:term":[{"taxonomy":"category","embeddable":true,"href":"https:\/\/elcontrapunt.cat\/es\/wp-json\/wp\/v2\/categories?post=31516"},{"taxonomy":"post_tag","embeddable":true,"href":"https:\/\/elcontrapunt.cat\/es\/wp-json\/wp\/v2\/tags?post=31516"},{"taxonomy":"author","embeddable":true,"href":"https:\/\/elcontrapunt.cat\/es\/wp-json\/wp\/v2\/coauthors?post=31516"}],"curies":[{"name":"wp","href":"https:\/\/api.w.org\/{rel}","templated":true}]}}