{"id":31534,"date":"2026-09-03T09:30:00","date_gmt":"2026-09-03T07:30:00","guid":{"rendered":"https:\/\/elcontrapunt.cat\/?p=31534"},"modified":"2026-09-03T03:41:59","modified_gmt":"2026-09-03T01:41:59","slug":"berlin-y-bruselas-elevan-la-presion-sobre-moscu-tras-el-intento-de-ataque-con-drones-en-leipzig","status":"publish","type":"post","link":"https:\/\/elcontrapunt.cat\/es\/berlin-y-bruselas-elevan-la-presion-sobre-moscu-tras-el-intento-de-ataque-con-drones-en-leipzig\/","title":{"rendered":"Berl\u00edn y Bruselas elevan la presi\u00f3n sobre Mosc\u00fa tras el intento de ataque con drones en Leipzig"},"content":{"rendered":"\n<p class=\"wp-block-paragraph\">La crisis entre Rusia y Europa entra en una nueva fase despu\u00e9s de que Alemania atribuyera formalmente a Mosc\u00fa el intento de ataque con drones registrado en el aeropuerto de Leipzig\/Halle. Para la presidenta de la Comisi\u00f3n Europea, <strong>Ursula von der Leyen<\/strong>, el episodio representa una escalada de las operaciones atribuidas a Rusia dentro del territorio europeo y demuestra que el continente afronta una realidad de seguridad cada vez m\u00e1s compleja.<\/p>\n\n\n\n<p class=\"wp-block-paragraph\">El incidente ocurri\u00f3 a comienzos de agosto, cuando trabajadores del aeropuerto localizaron un dron equipado con explosivos y un detonador en una zona pr\u00f3xima a aeronaves de carga ucranianas. El dispositivo fue neutralizado antes de causar v\u00edctimas. Leipzig\/Halle constituye, adem\u00e1s, un importante centro europeo de transporte de mercanc\u00edas y log\u00edstica vinculada a la OTAN, lo que increment\u00f3 la relevancia estrat\u00e9gica del episodio.<\/p>\n\n\n\n<p class=\"wp-block-paragraph\">Las autoridades alemanas sostienen que la investigaci\u00f3n policial, los patrones observados y las informaciones de los servicios de inteligencia permiten establecer la responsabilidad rusa. El ministro del Interior, Alexander Dobrindt, afirm\u00f3 que las personas implicadas habr\u00edan actuado en nombre de organismos estatales rusos. Mosc\u00fa, por su parte, rechaza las acusaciones y las considera infundadas.<\/p>\n\n\n\n<p class=\"wp-block-paragraph\">Von der Leyen afirm\u00f3 este mi\u00e9rcoles que el episodio no puede analizarse de manera aislada. Seg\u00fan la dirigente comunitaria, se inscribe en <strong>un patr\u00f3n m\u00e1s amplio de incidentes cada vez m\u00e1s peligrosos<\/strong> y evidencia una modalidad de confrontaci\u00f3n que utiliza medios clandestinos, sabotajes y operaciones destinadas a afectar infraestructuras estrat\u00e9gicas sin recurrir necesariamente a una acci\u00f3n militar convencional. El secretario general de la OTAN, Mark Rutte, respald\u00f3 esa interpretaci\u00f3n y calific\u00f3 a Rusia de cada vez m\u00e1s imprudente.<\/p>\n\n\n\n<p class=\"wp-block-paragraph\">La reacci\u00f3n alemana ya incluye medidas diplom\u00e1ticas y de seguridad. Berl\u00edn anunci\u00f3 el cierre del consulado ruso de Bonn y del centro cultural Russian House de Berl\u00edn, adem\u00e1s de un endurecimiento de los controles de entrada para ciudadanos rusos y la intenci\u00f3n de promover nuevas sanciones europeas contra personas vinculadas a estas operaciones.<\/p>\n\n\n\n<p class=\"wp-block-paragraph\">La Uni\u00f3n Europea estudia ampliar la presi\u00f3n econ\u00f3mica sobre Mosc\u00fa, incluida la posibilidad de nuevas restricciones contra sectores relacionados con la industria militar rusa. Para Bruselas, el objetivo no es \u00fanicamente responder a un episodio concreto, sino impedir que las operaciones de sabotaje y desestabilizaci\u00f3n se conviertan en una herramienta habitual contra los pa\u00edses que respaldan a Ucrania.<\/p>\n\n\n\n<p class=\"wp-block-paragraph\">El caso de Leipzig tambi\u00e9n plantea una cuesti\u00f3n jur\u00eddica y estrat\u00e9gica de mayor alcance. <strong>La atribuci\u00f3n de una operaci\u00f3n clandestina a un Estado extranjero puede generar consecuencias diplom\u00e1ticas y econ\u00f3micas sin equivaler autom\u00e1ticamente a un acto de guerra.<\/strong> Precisamente en ese espacio ambiguo se desarrolla buena parte de la denominada guerra h\u00edbrida: acciones capaces de poner a prueba la seguridad de un pa\u00eds y la cohesi\u00f3n de sus aliados sin alcanzar necesariamente el umbral de un conflicto armado abierto.<\/p>\n\n\n\n<p class=\"wp-block-paragraph\">Para la UE y la OTAN, el desaf\u00edo consiste ahora en responder con suficiente firmeza para disuadir nuevas operaciones sin provocar una escalada militar directa. Leipzig se ha convertido as\u00ed en otro escenario de una disputa que ya no se limita al frente ucraniano y que, cada vez m\u00e1s, se desarrolla dentro de las propias fronteras europeas.<\/p>\n","protected":false},"excerpt":{"rendered":"<p>La crisis entre Rusia y Europa entra en una nueva fase despu\u00e9s de que Alemania atribuyera formalmente a Mosc\u00fa el intento de ataque con drones registrado en el aeropuerto de Leipzig\/Halle. Para la presidenta de la Comisi\u00f3n Europea, Ursula von der Leyen, el episodio representa una escalada de las operaciones atribuidas a Rusia dentro del [&hellip;]<\/p>\n","protected":false},"author":2,"featured_media":31544,"comment_status":"open","ping_status":"closed","sticky":false,"template":"","format":"standard","meta":{"jnews-multi-image_gallery":[],"jnews_single_post":{"format":"standard"},"jnews_primary_category":[],"jnews_social_meta":[],"jnews_override_counter":[],"jnews_post_split":[],"footnotes":""},"categories":[49,53],"tags":[3259,3260,3261,3039,3262],"coauthors":[96],"class_list":["post-31534","post","type-post","status-publish","format-standard","has-post-thumbnail","hentry","category-actualidad","category-internacional","tag-berlin","tag-bruselas","tag-leipzig","tag-moscu","tag-ursula-von-der-leyen"],"_links":{"self":[{"href":"https:\/\/elcontrapunt.cat\/es\/wp-json\/wp\/v2\/posts\/31534","targetHints":{"allow":["GET"]}}],"collection":[{"href":"https:\/\/elcontrapunt.cat\/es\/wp-json\/wp\/v2\/posts"}],"about":[{"href":"https:\/\/elcontrapunt.cat\/es\/wp-json\/wp\/v2\/types\/post"}],"author":[{"embeddable":true,"href":"https:\/\/elcontrapunt.cat\/es\/wp-json\/wp\/v2\/users\/2"}],"replies":[{"embeddable":true,"href":"https:\/\/elcontrapunt.cat\/es\/wp-json\/wp\/v2\/comments?post=31534"}],"version-history":[{"count":1,"href":"https:\/\/elcontrapunt.cat\/es\/wp-json\/wp\/v2\/posts\/31534\/revisions"}],"predecessor-version":[{"id":31535,"href":"https:\/\/elcontrapunt.cat\/es\/wp-json\/wp\/v2\/posts\/31534\/revisions\/31535"}],"wp:featuredmedia":[{"embeddable":true,"href":"https:\/\/elcontrapunt.cat\/es\/wp-json\/wp\/v2\/media\/31544"}],"wp:attachment":[{"href":"https:\/\/elcontrapunt.cat\/es\/wp-json\/wp\/v2\/media?parent=31534"}],"wp:term":[{"taxonomy":"category","embeddable":true,"href":"https:\/\/elcontrapunt.cat\/es\/wp-json\/wp\/v2\/categories?post=31534"},{"taxonomy":"post_tag","embeddable":true,"href":"https:\/\/elcontrapunt.cat\/es\/wp-json\/wp\/v2\/tags?post=31534"},{"taxonomy":"author","embeddable":true,"href":"https:\/\/elcontrapunt.cat\/es\/wp-json\/wp\/v2\/coauthors?post=31534"}],"curies":[{"name":"wp","href":"https:\/\/api.w.org\/{rel}","templated":true}]}}