{"id":31538,"date":"2026-09-03T15:00:00","date_gmt":"2026-09-03T13:00:00","guid":{"rendered":"https:\/\/elcontrapunt.cat\/?p=31538"},"modified":"2026-09-02T20:48:55","modified_gmt":"2026-09-02T18:48:55","slug":"septiembre-tambien-se-duerme-como-recuperar-el-descanso-cuando-vuelve-la-rutina","status":"publish","type":"post","link":"https:\/\/elcontrapunt.cat\/es\/septiembre-tambien-se-duerme-como-recuperar-el-descanso-cuando-vuelve-la-rutina\/","title":{"rendered":"Septiembre tambi\u00e9n se duerme: c\u00f3mo recuperar el descanso cuando vuelve la rutina"},"content":{"rendered":"\n<p class=\"wp-block-paragraph\">Septiembre llega con la precisi\u00f3n de un despertador. Terminan las vacaciones, regresan los horarios, reaparecen las obligaciones y el cuerpo recibe una orden que el calendario considera sencilla: volver a la normalidad. <strong>Pero el organismo no entiende de fechas l\u00edmite.<\/strong> Despu\u00e9s de semanas de cenas tard\u00edas, ma\u00f1anas sin alarma y horarios flexibles, recuperar el ritmo cotidiano puede requerir m\u00e1s tiempo del que imaginamos.<\/p>\n\n\n\n<p class=\"wp-block-paragraph\">La dificultad ya comienza a percibirse en las consultas relacionadas con el sue\u00f1o. Conforme avanzan las semanas del mes, aumentan las dudas vinculadas a la dificultad para conciliar el sue\u00f1o, el cansancio y la recuperaci\u00f3n tras el verano.<\/p>\n\n\n\n<p class=\"wp-block-paragraph\">El mecanismo es comprensible. Durante las vacaciones cambian los horarios de comida, la exposici\u00f3n a la luz, la actividad f\u00edsica y las horas de descanso. El regreso brusco puede dejar al reloj biol\u00f3gico intentando alcanzar a un calendario que ya ha acelerado. Adem\u00e1s, el calor nocturno puede prolongar esa dificultad: las temperaturas elevadas interfieren en el proceso natural mediante el cual el organismo reduce su temperatura para iniciar y mantener el sue\u00f1o.<\/p>\n\n\n\n<h3 class=\"wp-block-heading\"><strong>Un regreso que conviene hacer despacio<\/strong><\/h3>\n\n\n\n<p class=\"wp-block-paragraph\">La primera recomendaci\u00f3n es sencilla: <strong>no intentar recuperar en una noche el horario perdido durante varias semanas<\/strong>. Conviene adelantar progresivamente la hora de acostarse y, sobre todo, mantener una hora relativamente estable para levantarse. La regularidad ayuda al organismo a reconstruir sus referencias temporales.<\/p>\n\n\n\n<p class=\"wp-block-paragraph\">Tambi\u00e9n resulta \u00fatil recuperar un peque\u00f1o ritual nocturno. Una cena que no sea excesivamente tard\u00eda, menos actividad estimulante al final del d\u00eda y un periodo de transici\u00f3n tranquilo \u2014leer, escuchar m\u00fasica o simplemente conversar\u2014 pueden se\u00f1alar al cerebro que la jornada est\u00e1 terminando. Reducir el uso de dispositivos electr\u00f3nicos antes de acostarse es otra medida recomendable.<\/p>\n\n\n\n<p class=\"wp-block-paragraph\">Cuando el calor persiste, merece atenci\u00f3n el dormitorio: <strong>ventilaci\u00f3n, ropa de cama ligera y una temperatura confortable pueden marcar una diferencia considerable<\/strong>. La hidrataci\u00f3n durante el d\u00eda tambi\u00e9n importa, aunque conviene evitar grandes cantidades de l\u00edquido justo antes de acostarse.<\/p>\n\n\n\n<p class=\"wp-block-paragraph\">Y hay una regla menos conocida: si una persona permanece despierta durante mucho tiempo, obsesionarse con dormir puede producir el efecto contrario. Levantarse, cambiar de ambiente y realizar una actividad tranquila hasta recuperar el sue\u00f1o puede ser m\u00e1s eficaz que permanecer en la cama mirando el reloj.<\/p>\n\n\n\n<p class=\"wp-block-paragraph\">Septiembre, en definitiva, no deber\u00eda comenzar con una carrera contra el cansancio. <strong>Dormir bien tambi\u00e9n exige una transici\u00f3n.<\/strong> Escuchar al cuerpo, recuperar horarios de manera gradual y aceptar que algunos d\u00edas de adaptaci\u00f3n forman parte del proceso puede ser una de las formas m\u00e1s sensatas de volver a empezar.<\/p>\n","protected":false},"excerpt":{"rendered":"<p>Septiembre llega con la precisi\u00f3n de un despertador. Terminan las vacaciones, regresan los horarios, reaparecen las obligaciones y el cuerpo recibe una orden que el calendario considera sencilla: volver a la normalidad. Pero el organismo no entiende de fechas l\u00edmite. Despu\u00e9s de semanas de cenas tard\u00edas, ma\u00f1anas sin alarma y horarios flexibles, recuperar el ritmo [&hellip;]<\/p>\n","protected":false},"author":2,"featured_media":31539,"comment_status":"open","ping_status":"closed","sticky":false,"template":"","format":"standard","meta":{"jnews-multi-image_gallery":[],"jnews_single_post":{"format":"standard"},"jnews_primary_category":[],"jnews_social_meta":[],"jnews_override_counter":[],"jnews_post_split":[],"footnotes":""},"categories":[77,83],"tags":[1300,336,3268,3269,3267],"coauthors":[96],"class_list":["post-31538","post","type-post","status-publish","format-standard","has-post-thumbnail","hentry","category-ocio","category-salud-y-bienestar","tag-descanso","tag-dormir","tag-duerme","tag-rutina","tag-septiembre"],"_links":{"self":[{"href":"https:\/\/elcontrapunt.cat\/es\/wp-json\/wp\/v2\/posts\/31538","targetHints":{"allow":["GET"]}}],"collection":[{"href":"https:\/\/elcontrapunt.cat\/es\/wp-json\/wp\/v2\/posts"}],"about":[{"href":"https:\/\/elcontrapunt.cat\/es\/wp-json\/wp\/v2\/types\/post"}],"author":[{"embeddable":true,"href":"https:\/\/elcontrapunt.cat\/es\/wp-json\/wp\/v2\/users\/2"}],"replies":[{"embeddable":true,"href":"https:\/\/elcontrapunt.cat\/es\/wp-json\/wp\/v2\/comments?post=31538"}],"version-history":[{"count":1,"href":"https:\/\/elcontrapunt.cat\/es\/wp-json\/wp\/v2\/posts\/31538\/revisions"}],"predecessor-version":[{"id":31540,"href":"https:\/\/elcontrapunt.cat\/es\/wp-json\/wp\/v2\/posts\/31538\/revisions\/31540"}],"wp:featuredmedia":[{"embeddable":true,"href":"https:\/\/elcontrapunt.cat\/es\/wp-json\/wp\/v2\/media\/31539"}],"wp:attachment":[{"href":"https:\/\/elcontrapunt.cat\/es\/wp-json\/wp\/v2\/media?parent=31538"}],"wp:term":[{"taxonomy":"category","embeddable":true,"href":"https:\/\/elcontrapunt.cat\/es\/wp-json\/wp\/v2\/categories?post=31538"},{"taxonomy":"post_tag","embeddable":true,"href":"https:\/\/elcontrapunt.cat\/es\/wp-json\/wp\/v2\/tags?post=31538"},{"taxonomy":"author","embeddable":true,"href":"https:\/\/elcontrapunt.cat\/es\/wp-json\/wp\/v2\/coauthors?post=31538"}],"curies":[{"name":"wp","href":"https:\/\/api.w.org\/{rel}","templated":true}]}}