{"id":31554,"date":"2026-09-03T10:46:46","date_gmt":"2026-09-03T08:46:46","guid":{"rendered":"https:\/\/elcontrapunt.cat\/?p=31554"},"modified":"2026-09-03T11:31:59","modified_gmt":"2026-09-03T09:31:59","slug":"tension-en-las-manifestaciones-por-ceuta-en-barcelona","status":"publish","type":"post","link":"https:\/\/elcontrapunt.cat\/es\/tension-en-las-manifestaciones-por-ceuta-en-barcelona\/","title":{"rendered":"Tensi\u00f3n en las manifestaciones por Ceuta en Barcelona"},"content":{"rendered":"\n<p class=\"has-medium-font-size wp-block-paragraph\"><strong>Els Mossos separan las concentraciones de signo contrario en la plaza de Sant Jaume<\/strong><\/p>\n\n<p class=\"wp-block-paragraph\">La crisis migratoria que vive la ciudad aut\u00f3noma de Ceuta ha tenido su protagonismo en Barcelona. La extrema derecha concentr\u00f3 a unas 1.500 personas, mientras que el antifascista reuni\u00f3 a 700. Diez furgones de los Mossos d&#8217;Esquadra impidieron que ambas se encontraran.  <\/p>\n\n<p class=\"wp-block-paragraph\">Los antirracistas han gritado lemas como \u00abninguna persona es ilegal\u00bb, \u00abfuera fascistas de nuestros barrios\u00bb o \u00abno pasar\u00e1n\u00bb, mientras exhib\u00edan pancartas con lemas del tipo \u00abAyer como hoy: no pasar\u00e1n\u00bb, \u00abStop Vox\u00bb u ondeaban banderas palestinas y del Sindicat de Llogateres.<\/p>\n\n<p class=\"wp-block-paragraph\">Los concentrados para apoyar a Ceuta, criticar la \u00abinvasi\u00f3n\u00bb de migrantes y pedir la dimisi\u00f3n de Pedro S\u00e1nchez han exhibido banderas espa\u00f1olas en un lugar de la ciudad en el que hace s\u00f3lo 9 a\u00f1os era el epicentro del Proceso.<\/p>\n\n<p class=\"wp-block-paragraph\">Vox ha protagonizado uno de los puntos destacados de la jornada cuando el diputado en el Parlament Joan Garriga y el concejal en el consistorio barcelon\u00e9s Gonzalo de Oro han exhibido banderas de Ceuta impresas en papel desde el balc\u00f3n del consistorio. Otra fotograf\u00eda notable la ha provocado el PP, cuando ha colocado dos sillas vac\u00edas en medio de la concentraci\u00f3n para simbolizar la ausencia del presidente de la Generalitat, Salvador Illa, y del alcalde de Barcelona, \u200b\u200bJaume Collboni, en el acto. <\/p>\n\n<p class=\"wp-block-paragraph\">Illa, de visita oficial a Polonia y Ucrania, ha mostrado su solidaridad con Ceuta, pero ha cargado contra \u00abel oportunismo y la instrumentalizaci\u00f3n\u00bb de PP y Vox. \u00abEstamos con Ceuta. Toda nuestra solidaridad con sus ciudadanos\u00bb, ha dicho a trav\u00e9s de la red social X, donde ha remarcado que la soberan\u00eda, la seguridad y la convivencia se defienden \u00abcon recursos, orden y valores\u00bb. <\/p>\n\n<p class=\"wp-block-paragraph\">\u00abEs una obligaci\u00f3n moral que no tolera ni la manipulaci\u00f3n ni los discursos de odio\u00bb, ha advertido Illa, que ha asegurado que siempre estar\u00e1n ante PP y Vox.<\/p>\n\n<h2 class=\"wp-block-heading\"><strong>10.000 personas en Badalona<\/strong><\/h2>\n\n<p class=\"wp-block-paragraph\">Una de las ciudades catalanas donde mayor seguimiento ha tenido el llamamiento contra la gesti\u00f3n de la crisis humanitaria de Ceuta ha sido Badalona. All\u00ed, 10.000 personas se han concentrado en la plaza de la Vila, seg\u00fan el alcalde de la ciudad, Xavier Garcia Albiol, quien ha le\u00eddo un manifiesto de apoyo a Ceuta de tono institucional desde el balc\u00f3n del consistorio.  <\/p>\n\n<p class=\"wp-block-paragraph\">Durante la lectura, interrumpida en alg\u00fan momento por los concentrados con c\u00e1nticos a favor de Espa\u00f1a o con insultos a Pedro S\u00e1nchez, Albiol ha pedido al Ejecutivo estatal que defienda \u00abcon serenidad\u00bb las fronteras del pa\u00eds y \u00abla gente\u00bb.<\/p>\n","protected":false},"excerpt":{"rendered":"<p>Els Mossos separan las concentraciones de signo contrario en la plaza de Sant Jaume La crisis migratoria que vive la ciudad aut\u00f3noma de Ceuta ha tenido su protagonismo en Barcelona. La extrema derecha concentr\u00f3 a unas 1.500 personas, mientras que el antifascista reuni\u00f3 a 700. Diez furgones de los Mossos d&#8217;Esquadra impidieron que ambas se [&hellip;]<\/p>\n","protected":false},"author":12,"featured_media":31550,"comment_status":"open","ping_status":"closed","sticky":false,"template":"","format":"standard","meta":{"jnews-multi-image_gallery":[],"jnews_single_post":{"format":"standard"},"jnews_primary_category":[],"jnews_social_meta":[],"jnews_override_counter":[],"jnews_post_split":[],"footnotes":""},"categories":[49,74,71,70,58,446,1],"tags":[3205,3274,3206,991,992],"coauthors":[395],"class_list":["post-31554","post","type-post","status-publish","format-standard","has-post-thumbnail","hentry","category-actualidad","category-area-metropolitana","category-ciudad-de-barcelona","category-local","category-politica","category-portada","category-sin-categorizar","tag-crisis","tag-humanitaria","tag-migratoria","tag-pp","tag-vox"],"_links":{"self":[{"href":"https:\/\/elcontrapunt.cat\/es\/wp-json\/wp\/v2\/posts\/31554","targetHints":{"allow":["GET"]}}],"collection":[{"href":"https:\/\/elcontrapunt.cat\/es\/wp-json\/wp\/v2\/posts"}],"about":[{"href":"https:\/\/elcontrapunt.cat\/es\/wp-json\/wp\/v2\/types\/post"}],"author":[{"embeddable":true,"href":"https:\/\/elcontrapunt.cat\/es\/wp-json\/wp\/v2\/users\/12"}],"replies":[{"embeddable":true,"href":"https:\/\/elcontrapunt.cat\/es\/wp-json\/wp\/v2\/comments?post=31554"}],"version-history":[{"count":3,"href":"https:\/\/elcontrapunt.cat\/es\/wp-json\/wp\/v2\/posts\/31554\/revisions"}],"predecessor-version":[{"id":31558,"href":"https:\/\/elcontrapunt.cat\/es\/wp-json\/wp\/v2\/posts\/31554\/revisions\/31558"}],"wp:featuredmedia":[{"embeddable":true,"href":"https:\/\/elcontrapunt.cat\/es\/wp-json\/wp\/v2\/media\/31550"}],"wp:attachment":[{"href":"https:\/\/elcontrapunt.cat\/es\/wp-json\/wp\/v2\/media?parent=31554"}],"wp:term":[{"taxonomy":"category","embeddable":true,"href":"https:\/\/elcontrapunt.cat\/es\/wp-json\/wp\/v2\/categories?post=31554"},{"taxonomy":"post_tag","embeddable":true,"href":"https:\/\/elcontrapunt.cat\/es\/wp-json\/wp\/v2\/tags?post=31554"},{"taxonomy":"author","embeddable":true,"href":"https:\/\/elcontrapunt.cat\/es\/wp-json\/wp\/v2\/coauthors?post=31554"}],"curies":[{"name":"wp","href":"https:\/\/api.w.org\/{rel}","templated":true}]}}