{"id":31578,"date":"2026-09-03T20:00:00","date_gmt":"2026-09-03T18:00:00","guid":{"rendered":"https:\/\/elcontrapunt.cat\/?p=31578"},"modified":"2026-09-03T15:46:22","modified_gmt":"2026-09-03T13:46:22","slug":"illa-manifiesta-su-apoyo-a-kiiv-en-plena-escalada-de-ataques-rusos","status":"publish","type":"post","link":"https:\/\/elcontrapunt.cat\/es\/illa-manifiesta-su-apoyo-a-kiiv-en-plena-escalada-de-ataques-rusos\/","title":{"rendered":"Illa manifiesta su apoyo a Kiiv en plena escalada de ataques rusos"},"content":{"rendered":"\n<p class=\"has-medium-font-size wp-block-paragraph\"><strong>El presidente de la Generalitat ha cerrado \u00abacuerdos de cooperaci\u00f3n\u00bb con tres territorios de Ucrania<\/strong><\/p>\n\n<p class=\"wp-block-paragraph\">El presidente de la Generalitat, Salvador Illa, ha puesto de relieve que su viaje esta semana a Ucrania es para \u00abreafirmar el compromiso de Catalunya con los valores que se defienden aqu\u00ed\u00bb. En este sentido, ha asegurado que \u00abel futuro de Ucrania es el futuro de Europea\u00bb y a\u00f1adi\u00f3 que \u00abCatalu\u00f1a, como pa\u00eds profundamente europe\u00edsta, est\u00e1 aqu\u00ed justamente para remarcar esto\u00bb, porque \u00abno los ucranianos no se defienden s\u00f3lo a ellos mismos, con su resiliencia, con su esfuerzo a todos, sino que nos esfuerzo tit\u00e1nico, sino que\u00bb. \u00abPor eso estamos aqu\u00ed, para expresar nuestro apoyo, nuestra solidaridad, nuestro reconocimiento y nuestra voluntad de cooperar, de seguir cooperando con Ucrania\u00bb, ha apuntado.  <\/p>\n\n<p class=\"wp-block-paragraph\">El jefe del Ejecutivo ha hecho un llamamiento a que cesen \u00ablos ataques a civiles que estamos viendo estos \u00faltimos d\u00edas\u00bb. Y, en l\u00ednea con lo que defiende el Gobierno de Espa\u00f1a, ha expresado su \u00abapoyo a la plena integraci\u00f3n de Ucrania como pa\u00eds de pleno derecho en la Uni\u00f3n Europea lo antes posible\u00bb. <\/p>\n\n<p class=\"wp-block-paragraph\">Salvador Illa ha explicado que el viaje tiene tres objetivos o blogs: institucional, econ\u00f3mico y humanitario. En cuanto al blog institucional, Salvador Illa mantendr\u00e1 varios encuentros con representantes institucionales y regionales de Ucrania para estrechar lazos y reforzar la colaboraci\u00f3n entre administraciones. <\/p>\n\n<p class=\"wp-block-paragraph\">En el \u00e1mbito econ\u00f3mico, el presidente ha se\u00f1alado que se reunir\u00e1 con la Federaci\u00f3n de Empresarios de Ucrania. Y, en lo que se refiere al bloque humanitario, \u201cse centrar\u00e1 en el \u00e1mbito de la salud y de los activistas sociales de la sociedad civil ucraniana\u201d. Ha a\u00f1adido que tambi\u00e9n se har\u00e1 un acto para apoyar a sor Luc\u00eda Caram, en su actividad de cooperaci\u00f3n humanitaria, como s\u00edmbolo tambi\u00e9n del trabajo que realizan todo el sector de las ONGs en Ucrania, que \u00abnos hace sentir orgullosos\u00bb.  <\/p>\n\n<h2 class=\"wp-block-heading\"><strong>Acuerdos de cooperaci\u00f3n<\/strong><\/h2>\n\n<p class=\"wp-block-paragraph\">El presidente ha firmado tres acuerdos de colaboraci\u00f3n con los gobernadores de Zapor\u00edjia, Dnipropetrovsk y Lviv, tres de las regiones m\u00e1s relevantes de Ucrania, que establecer\u00e1n un marco estable de cooperaci\u00f3n con estos territorios con el objetivo de intensificar el apoyo de Catalu\u00f1a a las necesidades humanitarias, econ\u00f3micas y sociales que tienen estas regiones derivadas de la guerra, contribuir a la reconstrucci\u00f3n de Ucrania en la Uni\u00f3n Europea, entre otros.<\/p>\n\n<p class=\"wp-block-paragraph\">Tambi\u00e9n servir\u00e1n para dar un paso adelante en la cooperaci\u00f3n con Ucrania, identificando prioridades compartidas con cada regi\u00f3n para desarrollar actuaciones concretas en \u00e1mbitos como la salud, la energ\u00eda, la econom\u00eda y la ciencia.<\/p>\n\n<p class=\"wp-block-paragraph\">Con la regi\u00f3n de Zapor\u00edjia, encabezada por el gobernador, Iv\u00e1n F\u00e9dorov, se ha firmado un memorando de entendimiento que establece el compromiso de intensificar la cooperaci\u00f3n bilateral para atender a la poblaci\u00f3n afectada por la guerra. Tambi\u00e9n plantea promover la contribuci\u00f3n de Catalu\u00f1a a la rehabilitaci\u00f3n y reconstrucci\u00f3n de infraestructuras cr\u00edticas y la reactivaci\u00f3n econ\u00f3mica e industrial, adem\u00e1s de la recuperaci\u00f3n de los servicios esenciales, entre otras cuestiones. <\/p>\n\n<p class=\"wp-block-paragraph\">El acuerdo con Dnipropetrovsk, que ha firmado el presidente con el gobernador, Oleksandr Hanzha, intensificar\u00e1 la cooperaci\u00f3n bilateral para apoyar la integraci\u00f3n de Ucrania en la Uni\u00f3n Europea y la introducci\u00f3n de mecanismos para ayudar a la reconstrucci\u00f3n y la recuperaci\u00f3n local, adem\u00e1s de fijar el objetivo de colaborar para mejorar la eficiencia energ\u00e9tica y cooperar.<\/p>\n\n<p class=\"wp-block-paragraph\">Por \u00faltimo, el presidente y el gobernador de Lviv, Maksym Kozytskyy, han firmado una carta de intenciones que declara la voluntad de ambos gobiernos a reforzar sus relaciones institucionales y promover intercambios de conocimiento y experiencias para dar respuesta a las necesidades derivadas de la guerra, as\u00ed como a contribuir a la recuperaci\u00f3n, reconstrucci\u00f3n y revitalizaci\u00f3n econ\u00f3mica y social del territorio.<\/p>\n\n<p class=\"wp-block-paragraph\">Durante su intervenci\u00f3n, el presidente Illa tambi\u00e9n ha subrayado la \u00abparticularidad muy relevante\u00bb que supone que haga el viaje a Ucrania junto con el alcalde de Barcelona, \u200b\u200b\u00bbde la capital de Catalunya\u00bb. \u00abEsto es en s\u00ed mismo un mensaje al conjunto de la sociedad ucraniana\u00bb, ha concluido. <\/p>\n","protected":false},"excerpt":{"rendered":"<p>El presidente de la Generalitat ha cerrado \u00abacuerdos de cooperaci\u00f3n\u00bb con tres territorios de Ucrania El presidente de la Generalitat, Salvador Illa, ha puesto de relieve que su viaje esta semana a Ucrania es para \u00abreafirmar el compromiso de Catalunya con los valores que se defienden aqu\u00ed\u00bb. En este sentido, ha asegurado que \u00abel futuro [&hellip;]<\/p>\n","protected":false},"author":12,"featured_media":31577,"comment_status":"open","ping_status":"closed","sticky":false,"template":"","format":"standard","meta":{"jnews-multi-image_gallery":[],"jnews_single_post":[],"jnews_primary_category":[],"jnews_social_meta":[],"jnews_override_counter":[],"jnews_post_split":[],"footnotes":""},"categories":[49,58,446,1],"tags":[3283,1944,3040,3282,436],"coauthors":[395],"class_list":["post-31578","post","type-post","status-publish","format-standard","has-post-thumbnail","hentry","category-actualidad","category-politica","category-portada","category-sin-categorizar","tag-ataques","tag-jaume-collboni","tag-kiev","tag-rusos","tag-salvador-illa"],"_links":{"self":[{"href":"https:\/\/elcontrapunt.cat\/es\/wp-json\/wp\/v2\/posts\/31578","targetHints":{"allow":["GET"]}}],"collection":[{"href":"https:\/\/elcontrapunt.cat\/es\/wp-json\/wp\/v2\/posts"}],"about":[{"href":"https:\/\/elcontrapunt.cat\/es\/wp-json\/wp\/v2\/types\/post"}],"author":[{"embeddable":true,"href":"https:\/\/elcontrapunt.cat\/es\/wp-json\/wp\/v2\/users\/12"}],"replies":[{"embeddable":true,"href":"https:\/\/elcontrapunt.cat\/es\/wp-json\/wp\/v2\/comments?post=31578"}],"version-history":[{"count":1,"href":"https:\/\/elcontrapunt.cat\/es\/wp-json\/wp\/v2\/posts\/31578\/revisions"}],"predecessor-version":[{"id":31579,"href":"https:\/\/elcontrapunt.cat\/es\/wp-json\/wp\/v2\/posts\/31578\/revisions\/31579"}],"wp:featuredmedia":[{"embeddable":true,"href":"https:\/\/elcontrapunt.cat\/es\/wp-json\/wp\/v2\/media\/31577"}],"wp:attachment":[{"href":"https:\/\/elcontrapunt.cat\/es\/wp-json\/wp\/v2\/media?parent=31578"}],"wp:term":[{"taxonomy":"category","embeddable":true,"href":"https:\/\/elcontrapunt.cat\/es\/wp-json\/wp\/v2\/categories?post=31578"},{"taxonomy":"post_tag","embeddable":true,"href":"https:\/\/elcontrapunt.cat\/es\/wp-json\/wp\/v2\/tags?post=31578"},{"taxonomy":"author","embeddable":true,"href":"https:\/\/elcontrapunt.cat\/es\/wp-json\/wp\/v2\/coauthors?post=31578"}],"curies":[{"name":"wp","href":"https:\/\/api.w.org\/{rel}","templated":true}]}}