{"id":31610,"date":"2026-09-04T12:00:00","date_gmt":"2026-09-04T10:00:00","guid":{"rendered":"https:\/\/elcontrapunt.cat\/?p=31610"},"modified":"2026-09-04T09:22:26","modified_gmt":"2026-09-04T07:22:26","slug":"illa-traslada-a-zelenski-la-solidaridad-de-cataluna-con-la-resiliencia-del-pueblo-ucraniano","status":"publish","type":"post","link":"https:\/\/elcontrapunt.cat\/es\/illa-traslada-a-zelenski-la-solidaridad-de-cataluna-con-la-resiliencia-del-pueblo-ucraniano\/","title":{"rendered":"Illa traslada a Zelenski la \u00absolidaridad\u00bb de Catalu\u00f1a con la \u00abresiliencia\u00bb del pueblo ucraniano"},"content":{"rendered":"\n<p class=\"has-medium-font-size wp-block-paragraph\"><strong>El presidente condena los ataques contra la poblaci\u00f3n y pide utilizar los activos rusos congelados para ayudar al pa\u00eds<\/strong><\/p>\n\n<p class=\"wp-block-paragraph\">El presidente de la Generalitat, Salvador Illa, ha trasladado al presidente de Ucrania, Volod\u00edmir Zelenski, la \u00absolidaridad\u00bb de Catalunya con la \u00abresiliencia\u00bb del pueblo ucraniano a una reuni\u00f3n en Kiiv, capital del pa\u00eds. En este encuentro, el presidente catal\u00e1n record\u00f3 que el gobierno catal\u00e1n \u00abha estado al lado\u00bb del pueblo ucraniano desde el inicio del conflicto. Isla tambi\u00e9n ha destacado durante la reuni\u00f3n que el viaje a Ucrania \u00abes una muestra de la voluntad de afianzar y reforzar ese apoyo\u00bb. Tambi\u00e9n asistieron a la reuni\u00f3n el alcalde de Barcelona, \u200b\u200bJaume Collboni, y el consejero de Uni\u00f3n Europea, Jaume Duch.   <\/p>\n\n<p class=\"wp-block-paragraph\">Isla ha ejemplificado la contribuci\u00f3n de Catalunya con el pueblo ucraniano con el env\u00edo de ayuda humanitaria que se ha llevado a cabo desde el pa\u00eds estos cuatro a\u00f1os y medio y la cooperaci\u00f3n que existe en el \u00e1mbito sanitario, adem\u00e1s de los acuerdos de colaboraci\u00f3n que se han firmado esta semana con las regiones de Zapor\u00edjia, Dnipropetrovsk i Lviv.<\/p>\n\n<p class=\"wp-block-paragraph\">El presidente ucraniano tambi\u00e9n se ha hecho eco del encuentro, con una publicaci\u00f3n en la red social X en la que ha explicado que se ha hablado de \u00abla reconstrucci\u00f3n de Ucrania y la cooperaci\u00f3n regional\u00bb. Tambi\u00e9n ha agradecido \u00abla ayuda\u00bb de Catalunya y ha subrayado que, durante la guerra, \u00abla cooperaci\u00f3n regional y el apoyo directo a las comunidades son muy importantes\u00bb. <\/p>\n\n<p class=\"wp-block-paragraph\">\u00abGracias por esta visita, por el apoyo constante e inalterable a Ucrania ya los ucranianos. Estamos muy agradecidos por todo lo que se ha hecho desde el principio de la agresi\u00f3n rusa\u00bb, seg\u00fan Zelenski.<\/p>\n\n<h2 class=\"wp-block-heading\"><strong>Apoyo a la integraci\u00f3n en la UE<\/strong><\/h2>\n\n<p class=\"wp-block-paragraph\">Illa ha hecho una defensa de los valores europeos democr\u00e1ticos y ha expresado su apoyo a la integraci\u00f3n de Ucrania en la Uni\u00f3n Europea y al uso de los activos rusos congelados para seguir financiando la ayuda en el pa\u00eds.<\/p>\n\n<p class=\"wp-block-paragraph\">Ambos presidentes han conversado sobre la situaci\u00f3n actual de la guerra y el jefe del ejecutivo catal\u00e1n le ha transmitido en nombre de Catalu\u00f1a \u00abla condena en\u00e9rgica a los ataques contra la poblaci\u00f3n civil que se est\u00e1n produciendo en los \u00faltimos d\u00edas y el apoyo incondicional a una resoluci\u00f3n del conflicto que garantice una paz justa y duradera\u00bb.<\/p>\n\n<p class=\"wp-block-paragraph\">En el encuentro, el presidente Illa tambi\u00e9n ha invitado a Zelenski a visitar Barcelona y Catalunya. Hasta ahora, el presidente Zelenski s\u00f3lo hab\u00eda recibido jefes de estado y primeros ministros. <\/p>\n","protected":false},"excerpt":{"rendered":"<p>El presidente condena los ataques contra la poblaci\u00f3n y pide utilizar los activos rusos congelados para ayudar al pa\u00eds El presidente de la Generalitat, Salvador Illa, ha trasladado al presidente de Ucrania, Volod\u00edmir Zelenski, la \u00absolidaridad\u00bb de Catalunya con la \u00abresiliencia\u00bb del pueblo ucraniano a una reuni\u00f3n en Kiiv, capital del pa\u00eds. En este encuentro, [&hellip;]<\/p>\n","protected":false},"author":12,"featured_media":31609,"comment_status":"open","ping_status":"closed","sticky":false,"template":"","format":"standard","meta":{"jnews-multi-image_gallery":[],"jnews_single_post":[],"jnews_primary_category":[],"jnews_social_meta":[],"jnews_override_counter":[],"jnews_post_split":[],"footnotes":""},"categories":[49,58,446,1],"tags":[667,436,1294,623,2512],"coauthors":[395],"class_list":["post-31610","post","type-post","status-publish","format-standard","has-post-thumbnail","hentry","category-actualidad","category-politica","category-portada","category-sin-categorizar","tag-catalunya","tag-salvador-illa","tag-solidaridad","tag-ucrania","tag-zelenski"],"_links":{"self":[{"href":"https:\/\/elcontrapunt.cat\/es\/wp-json\/wp\/v2\/posts\/31610","targetHints":{"allow":["GET"]}}],"collection":[{"href":"https:\/\/elcontrapunt.cat\/es\/wp-json\/wp\/v2\/posts"}],"about":[{"href":"https:\/\/elcontrapunt.cat\/es\/wp-json\/wp\/v2\/types\/post"}],"author":[{"embeddable":true,"href":"https:\/\/elcontrapunt.cat\/es\/wp-json\/wp\/v2\/users\/12"}],"replies":[{"embeddable":true,"href":"https:\/\/elcontrapunt.cat\/es\/wp-json\/wp\/v2\/comments?post=31610"}],"version-history":[{"count":1,"href":"https:\/\/elcontrapunt.cat\/es\/wp-json\/wp\/v2\/posts\/31610\/revisions"}],"predecessor-version":[{"id":31611,"href":"https:\/\/elcontrapunt.cat\/es\/wp-json\/wp\/v2\/posts\/31610\/revisions\/31611"}],"wp:featuredmedia":[{"embeddable":true,"href":"https:\/\/elcontrapunt.cat\/es\/wp-json\/wp\/v2\/media\/31609"}],"wp:attachment":[{"href":"https:\/\/elcontrapunt.cat\/es\/wp-json\/wp\/v2\/media?parent=31610"}],"wp:term":[{"taxonomy":"category","embeddable":true,"href":"https:\/\/elcontrapunt.cat\/es\/wp-json\/wp\/v2\/categories?post=31610"},{"taxonomy":"post_tag","embeddable":true,"href":"https:\/\/elcontrapunt.cat\/es\/wp-json\/wp\/v2\/tags?post=31610"},{"taxonomy":"author","embeddable":true,"href":"https:\/\/elcontrapunt.cat\/es\/wp-json\/wp\/v2\/coauthors?post=31610"}],"curies":[{"name":"wp","href":"https:\/\/api.w.org\/{rel}","templated":true}]}}